{"id":196350,"date":"2021-09-09T06:31:50","date_gmt":"2021-09-09T03:31:50","guid":{"rendered":"http:\/\/107.6.182.27\/es\/?p=196350"},"modified":"2023-01-12T14:40:25","modified_gmt":"2023-01-12T12:40:25","slug":"represion-israeli-deja-decenas-de-heridos-palestinos-entre-ellos-tres-periodistas","status":"publish","type":"post","link":"https:\/\/archive.sana.sy\/es\/?p=196350","title":{"rendered":"Represi\u00f3n israel\u00ed deja decenas de heridos palestinos entre ellos tres periodistas"},"content":{"rendered":"<p style=\"text-align: justify;\"><span style=\"color: #800000;\"><strong>Jerusal\u00e9n ocupada, SANA<\/strong><\/span><\/p>\n<p style=\"text-align: justify;\">Decenas de palestinos resultaron heridos cuando las fuerzas de ocupaci\u00f3n israel\u00edes abrieron el fuego de sus armas contra las marchas en apoyo de los prisioneros en diferentes \u00e1reas de Cisjordania.<\/p>\n<p style=\"text-align: justify;\">Seg\u00fan difundieron medios palestinos, las fuerzas de ocupaci\u00f3n atacaron con balas reales y bombas de gas lacrim\u00f3geno a los palestinos que participaban en las marchas en las ciudades de Naplusa, Ramalah, Al-Bireh, Tulkarm, Bel\u00e9n, Hebr\u00f3n, Qalqilya, Bab Al-Amud, Silwan y las zonas de al-Isawiya en Jerusal\u00e9n ocupada.<\/p>\n<p style=\"text-align: justify;\">Las manifestaciones fueron en apoyo a los prisioneros palestinos detenidos en c\u00e1rceles israel\u00edes, y la represi\u00f3n provoc\u00f3 lesiones a m\u00e1s de 100 palestinos, entre ellos tres periodistas.<\/p>\n<p style=\"text-align: justify;\">Los participantes en las marchas izaron banderas palestinas, fotograf\u00edas de prisioneros y pancartas que denuncian las violaciones de la ocupaci\u00f3n en su contra.<\/p>\n<p style=\"text-align: justify;\">Asimismo, pidieron a la comunidad internacional que intervenga urgentemente para presionar la ocupaci\u00f3n y liberar a todos los prisioneros.<\/p>\n<div id='gallery-1' class='gallery galleryid-196350 gallery-columns-1 gallery-size-full'><figure class='gallery-item'>\n\t\t\t<div class='gallery-icon landscape'>\n\t\t\t\t<a href='https:\/\/archive.sana.sy\/es\/wp-content\/uploads\/2021\/09\/03-7.jpg'><img loading=\"lazy\" decoding=\"async\" width=\"1170\" height=\"797\" src=\"https:\/\/archive.sana.sy\/es\/wp-content\/uploads\/2021\/09\/03-7.jpg\" class=\"attachment-full size-full\" alt=\"\" srcset=\"https:\/\/archive.sana.sy\/es\/wp-content\/uploads\/2021\/09\/03-7.jpg 1170w, https:\/\/archive.sana.sy\/es\/wp-content\/uploads\/2021\/09\/03-7-300x204.jpg 300w, https:\/\/archive.sana.sy\/es\/wp-content\/uploads\/2021\/09\/03-7-1024x698.jpg 1024w, https:\/\/archive.sana.sy\/es\/wp-content\/uploads\/2021\/09\/03-7-150x102.jpg 150w, https:\/\/archive.sana.sy\/es\/wp-content\/uploads\/2021\/09\/03-7-768x523.jpg 768w, https:\/\/archive.sana.sy\/es\/wp-content\/uploads\/2021\/09\/03-7-110x75.jpg 110w\" sizes=\"(max-width: 1170px) 100vw, 1170px\" \/><\/a>\n\t\t\t<\/div><\/figure><figure class='gallery-item'>\n\t\t\t<div class='gallery-icon landscape'>\n\t\t\t\t<a href='https:\/\/archive.sana.sy\/es\/wp-content\/uploads\/2021\/09\/01-40.jpg'><img loading=\"lazy\" decoding=\"async\" width=\"1080\" height=\"720\" src=\"https:\/\/archive.sana.sy\/es\/wp-content\/uploads\/2021\/09\/01-40.jpg\" class=\"attachment-full size-full\" alt=\"\" srcset=\"https:\/\/archive.sana.sy\/es\/wp-content\/uploads\/2021\/09\/01-40.jpg 1080w, https:\/\/archive.sana.sy\/es\/wp-content\/uploads\/2021\/09\/01-40-300x200.jpg 300w, https:\/\/archive.sana.sy\/es\/wp-content\/uploads\/2021\/09\/01-40-1024x683.jpg 1024w, https:\/\/archive.sana.sy\/es\/wp-content\/uploads\/2021\/09\/01-40-150x100.jpg 150w, https:\/\/archive.sana.sy\/es\/wp-content\/uploads\/2021\/09\/01-40-768x512.jpg 768w\" sizes=\"(max-width: 1080px) 100vw, 1080px\" \/><\/a>\n\t\t\t<\/div><\/figure><figure class='gallery-item'>\n\t\t\t<div class='gallery-icon landscape'>\n\t\t\t\t<a href='https:\/\/archive.sana.sy\/es\/wp-content\/uploads\/2021\/09\/02-6.jpg'><img loading=\"lazy\" decoding=\"async\" width=\"1170\" height=\"779\" src=\"https:\/\/archive.sana.sy\/es\/wp-content\/uploads\/2021\/09\/02-6.jpg\" class=\"attachment-full size-full\" alt=\"\" srcset=\"https:\/\/archive.sana.sy\/es\/wp-content\/uploads\/2021\/09\/02-6.jpg 1170w, https:\/\/archive.sana.sy\/es\/wp-content\/uploads\/2021\/09\/02-6-300x200.jpg 300w, https:\/\/archive.sana.sy\/es\/wp-content\/uploads\/2021\/09\/02-6-1024x682.jpg 1024w, https:\/\/archive.sana.sy\/es\/wp-content\/uploads\/2021\/09\/02-6-150x100.jpg 150w, https:\/\/archive.sana.sy\/es\/wp-content\/uploads\/2021\/09\/02-6-768x511.jpg 768w, https:\/\/archive.sana.sy\/es\/wp-content\/uploads\/2021\/09\/02-6-310x205.jpg 310w\" sizes=\"(max-width: 1170px) 100vw, 1170px\" \/><\/a>\n\t\t\t<\/div><\/figure>\n\t\t<\/div>\n\n<p style=\"text-align: justify;\"><span style=\"color: #0000ff;\"><strong>fm<\/strong><\/span><\/p>\n","protected":false},"excerpt":{"rendered":"<p>Jerusal\u00e9n ocupada, SANA Decenas de palestinos resultaron heridos cuando las fuerzas de ocupaci\u00f3n israel\u00edes abrieron el fuego de sus armas contra las marchas en apoyo de los prisioneros en diferentes \u00e1reas de Cisjordania. Seg\u00fan difundieron medios palestinos, las fuerzas de ocupaci\u00f3n atacaron con balas reales y bombas de gas lacrim\u00f3geno a los palestinos que participaban &hellip;<\/p>\n","protected":false},"author":34,"featured_media":196351,"comment_status":"closed","ping_status":"closed","sticky":false,"template":"","format":"standard","meta":{"footnotes":""},"categories":[597,456,7541,1],"tags":[],"class_list":["post-196350","post","type-post","status-publish","format-standard","has-post-thumbnail","","category-cinta-de-noticias","category-arabe-internacional-politica","category-ultimas-noticias","category-news-not-sorted"],"_links":{"self":[{"href":"https:\/\/archive.sana.sy\/es\/index.php?rest_route=\/wp\/v2\/posts\/196350"}],"collection":[{"href":"https:\/\/archive.sana.sy\/es\/index.php?rest_route=\/wp\/v2\/posts"}],"about":[{"href":"https:\/\/archive.sana.sy\/es\/index.php?rest_route=\/wp\/v2\/types\/post"}],"author":[{"embeddable":true,"href":"https:\/\/archive.sana.sy\/es\/index.php?rest_route=\/wp\/v2\/users\/34"}],"replies":[{"embeddable":true,"href":"https:\/\/archive.sana.sy\/es\/index.php?rest_route=%2Fwp%2Fv2%2Fcomments&post=196350"}],"version-history":[{"count":0,"href":"https:\/\/archive.sana.sy\/es\/index.php?rest_route=\/wp\/v2\/posts\/196350\/revisions"}],"wp:featuredmedia":[{"embeddable":true,"href":"https:\/\/archive.sana.sy\/es\/index.php?rest_route=\/wp\/v2\/media\/196351"}],"wp:attachment":[{"href":"https:\/\/archive.sana.sy\/es\/index.php?rest_route=%2Fwp%2Fv2%2Fmedia&parent=196350"}],"wp:term":[{"taxonomy":"category","embeddable":true,"href":"https:\/\/archive.sana.sy\/es\/index.php?rest_route=%2Fwp%2Fv2%2Fcategories&post=196350"},{"taxonomy":"post_tag","embeddable":true,"href":"https:\/\/archive.sana.sy\/es\/index.php?rest_route=%2Fwp%2Fv2%2Ftags&post=196350"}],"curies":[{"name":"wp","href":"https:\/\/api.w.org\/{rel}","templated":true}]}}