{"id":196364,"date":"2021-09-09T07:00:10","date_gmt":"2021-09-09T04:00:10","guid":{"rendered":"http:\/\/107.6.182.27\/es\/?p=196364"},"modified":"2023-01-10T14:26:26","modified_gmt":"2023-01-10T12:26:26","slug":"pabellon-sirio-en-expo-dubai-2020-un-viaje-por-la-historia-milenaria-de-siria-fotos","status":"publish","type":"post","link":"https:\/\/archive.sana.sy\/es\/?p=196364","title":{"rendered":"Pabell\u00f3n sirio en Expo Dub\u00e1i 2020: un viaje por la historia milenaria de Siria (+ fotos)"},"content":{"rendered":"<p style=\"text-align: justify;\"><strong><span style=\"color: #800000;\">Dub\u00e1i, SANA<\/span><\/strong><\/p>\n<p style=\"text-align: justify;\">El pabell\u00f3n sirio en Expo Dub\u00e1i 2020 est\u00e1 casi listo para dar la bienvenida a sus visitantes quienes conocer\u00e1n a trav\u00e9s de sus diferentes secciones una visi\u00f3n global de la historia, cultura, artes y econom\u00eda de Siria.<\/p>\n<p style=\"text-align: justify;\">El objetivo principal es presentar a Siria como un factor activo e influyente en la historia, la cultura, las artes y la econom\u00eda del mundo.<\/p>\n<p style=\"text-align: justify;\">El evento tendr\u00e1 una duraci\u00f3n de seis meses que se extienden desde el primero de octubre pr\u00f3ximo hasta el 31 de marzo del pr\u00f3ximo a\u00f1o, y la participaci\u00f3n de Siria, bajo el lema &#8220;Juntos, el futuro es nuestro&#8221;, tiene como objetivo tender puentes de cooperaci\u00f3n fruct\u00edfera con las partes participantes y visitantes de esta importante exposici\u00f3n internacional.<\/p>\n<p style=\"text-align: justify;\">De acuerdo al embajador de Siria en Emiratos \u00c1rabes Unidos, Ghassan Abbas, Siria busca hacer de su participaci\u00f3n en la Expo Dub\u00e1i 2020 una adici\u00f3n distintiva a esta importante exposici\u00f3n internacional y que refleja la imagen civilizada de la cultura siria y del pueblo sirio.<\/p>\n<p style=\"text-align: justify;\">\u201cEs una oportunidad para mejorar nuestra presencia en el escenario internacional a trav\u00e9s de nuestra comunicaci\u00f3n con visitantes de todo el mundo durante el per\u00edodo de la exposici\u00f3n\u201d, agreg\u00f3 el diplom\u00e1tico.<\/p>\n<p style=\"text-align: justify;\">Los visitantes conocer\u00e1n las contribuciones hist\u00f3ricas m\u00e1s importantes de Siria a la civilizaci\u00f3n humana, y podr\u00e1n ver una r\u00e9plica del alfabeto Ugarit, considerado el primer alfabeto de la historia y se remonta aproximadamente a 1400 a. C. .<\/p>\n<p style=\"text-align: justify;\">Tambi\u00e9n conocer\u00e1n las notas musicales m\u00e1s antiguas descubiertas en el mundo, escritas en Ugarit hace unos 3500 a\u00f1os.<\/p>\n<div id='gallery-1' class='gallery galleryid-196364 gallery-columns-1 gallery-size-full'><figure class='gallery-item'>\n\t\t\t<div class='gallery-icon landscape'>\n\t\t\t\t<a href='https:\/\/archive.sana.sy\/es\/wp-content\/uploads\/2021\/09\/photo_2021-09-08_21-01-17-scaled.jpg'><img loading=\"lazy\" decoding=\"async\" width=\"2560\" height=\"1438\" src=\"https:\/\/archive.sana.sy\/es\/wp-content\/uploads\/2021\/09\/photo_2021-09-08_21-01-17-scaled.jpg\" class=\"attachment-full size-full\" alt=\"\" srcset=\"https:\/\/archive.sana.sy\/es\/wp-content\/uploads\/2021\/09\/photo_2021-09-08_21-01-17-scaled.jpg 2560w, https:\/\/archive.sana.sy\/es\/wp-content\/uploads\/2021\/09\/photo_2021-09-08_21-01-17-300x169.jpg 300w, https:\/\/archive.sana.sy\/es\/wp-content\/uploads\/2021\/09\/photo_2021-09-08_21-01-17-1024x575.jpg 1024w, https:\/\/archive.sana.sy\/es\/wp-content\/uploads\/2021\/09\/photo_2021-09-08_21-01-17-150x84.jpg 150w, https:\/\/archive.sana.sy\/es\/wp-content\/uploads\/2021\/09\/photo_2021-09-08_21-01-17-768x431.jpg 768w, https:\/\/archive.sana.sy\/es\/wp-content\/uploads\/2021\/09\/photo_2021-09-08_21-01-17-1536x863.jpg 1536w, https:\/\/archive.sana.sy\/es\/wp-content\/uploads\/2021\/09\/photo_2021-09-08_21-01-17-2048x1150.jpg 2048w\" sizes=\"(max-width: 2560px) 100vw, 2560px\" \/><\/a>\n\t\t\t<\/div><\/figure><figure class='gallery-item'>\n\t\t\t<div class='gallery-icon landscape'>\n\t\t\t\t<a href='https:\/\/archive.sana.sy\/es\/wp-content\/uploads\/2021\/09\/photo_2021-09-08_21-01-14-scaled.jpg'><img loading=\"lazy\" decoding=\"async\" width=\"2560\" height=\"1438\" src=\"https:\/\/archive.sana.sy\/es\/wp-content\/uploads\/2021\/09\/photo_2021-09-08_21-01-14-scaled.jpg\" class=\"attachment-full size-full\" alt=\"\" srcset=\"https:\/\/archive.sana.sy\/es\/wp-content\/uploads\/2021\/09\/photo_2021-09-08_21-01-14-scaled.jpg 2560w, https:\/\/archive.sana.sy\/es\/wp-content\/uploads\/2021\/09\/photo_2021-09-08_21-01-14-300x169.jpg 300w, https:\/\/archive.sana.sy\/es\/wp-content\/uploads\/2021\/09\/photo_2021-09-08_21-01-14-1024x575.jpg 1024w, https:\/\/archive.sana.sy\/es\/wp-content\/uploads\/2021\/09\/photo_2021-09-08_21-01-14-150x84.jpg 150w, https:\/\/archive.sana.sy\/es\/wp-content\/uploads\/2021\/09\/photo_2021-09-08_21-01-14-768x431.jpg 768w, https:\/\/archive.sana.sy\/es\/wp-content\/uploads\/2021\/09\/photo_2021-09-08_21-01-14-1536x863.jpg 1536w, https:\/\/archive.sana.sy\/es\/wp-content\/uploads\/2021\/09\/photo_2021-09-08_21-01-14-2048x1150.jpg 2048w\" sizes=\"(max-width: 2560px) 100vw, 2560px\" \/><\/a>\n\t\t\t<\/div><\/figure><figure class='gallery-item'>\n\t\t\t<div class='gallery-icon landscape'>\n\t\t\t\t<a href='https:\/\/archive.sana.sy\/es\/wp-content\/uploads\/2021\/09\/photo_2021-09-08_21-01-10-scaled.jpg'><img loading=\"lazy\" decoding=\"async\" width=\"2560\" height=\"1438\" src=\"https:\/\/archive.sana.sy\/es\/wp-content\/uploads\/2021\/09\/photo_2021-09-08_21-01-10-scaled.jpg\" class=\"attachment-full size-full\" alt=\"\" srcset=\"https:\/\/archive.sana.sy\/es\/wp-content\/uploads\/2021\/09\/photo_2021-09-08_21-01-10-scaled.jpg 2560w, https:\/\/archive.sana.sy\/es\/wp-content\/uploads\/2021\/09\/photo_2021-09-08_21-01-10-300x169.jpg 300w, https:\/\/archive.sana.sy\/es\/wp-content\/uploads\/2021\/09\/photo_2021-09-08_21-01-10-1024x575.jpg 1024w, https:\/\/archive.sana.sy\/es\/wp-content\/uploads\/2021\/09\/photo_2021-09-08_21-01-10-150x84.jpg 150w, https:\/\/archive.sana.sy\/es\/wp-content\/uploads\/2021\/09\/photo_2021-09-08_21-01-10-768x431.jpg 768w, https:\/\/archive.sana.sy\/es\/wp-content\/uploads\/2021\/09\/photo_2021-09-08_21-01-10-1536x863.jpg 1536w, https:\/\/archive.sana.sy\/es\/wp-content\/uploads\/2021\/09\/photo_2021-09-08_21-01-10-2048x1150.jpg 2048w\" sizes=\"(max-width: 2560px) 100vw, 2560px\" \/><\/a>\n\t\t\t<\/div><\/figure><figure class='gallery-item'>\n\t\t\t<div class='gallery-icon landscape'>\n\t\t\t\t<a href='https:\/\/archive.sana.sy\/es\/wp-content\/uploads\/2021\/09\/photo_2021-09-08_21-01-06-scaled.jpg'><img loading=\"lazy\" decoding=\"async\" width=\"2560\" height=\"1438\" src=\"https:\/\/archive.sana.sy\/es\/wp-content\/uploads\/2021\/09\/photo_2021-09-08_21-01-06-scaled.jpg\" class=\"attachment-full size-full\" alt=\"\" srcset=\"https:\/\/archive.sana.sy\/es\/wp-content\/uploads\/2021\/09\/photo_2021-09-08_21-01-06-scaled.jpg 2560w, https:\/\/archive.sana.sy\/es\/wp-content\/uploads\/2021\/09\/photo_2021-09-08_21-01-06-300x169.jpg 300w, https:\/\/archive.sana.sy\/es\/wp-content\/uploads\/2021\/09\/photo_2021-09-08_21-01-06-1024x575.jpg 1024w, https:\/\/archive.sana.sy\/es\/wp-content\/uploads\/2021\/09\/photo_2021-09-08_21-01-06-150x84.jpg 150w, https:\/\/archive.sana.sy\/es\/wp-content\/uploads\/2021\/09\/photo_2021-09-08_21-01-06-768x431.jpg 768w, https:\/\/archive.sana.sy\/es\/wp-content\/uploads\/2021\/09\/photo_2021-09-08_21-01-06-1536x863.jpg 1536w, https:\/\/archive.sana.sy\/es\/wp-content\/uploads\/2021\/09\/photo_2021-09-08_21-01-06-2048x1150.jpg 2048w\" sizes=\"(max-width: 2560px) 100vw, 2560px\" \/><\/a>\n\t\t\t<\/div><\/figure>\n\t\t<\/div>\n\n<p style=\"text-align: justify;\"><span style=\"color: #0000ff;\"><strong>fm<\/strong><\/span><\/p>\n","protected":false},"excerpt":{"rendered":"<p>Dub\u00e1i, SANA El pabell\u00f3n sirio en Expo Dub\u00e1i 2020 est\u00e1 casi listo para dar la bienvenida a sus visitantes quienes conocer\u00e1n a trav\u00e9s de sus diferentes secciones una visi\u00f3n global de la historia, cultura, artes y econom\u00eda de Siria. El objetivo principal es presentar a Siria como un factor activo e influyente en la historia, &hellip;<\/p>\n","protected":false},"author":34,"featured_media":196370,"comment_status":"closed","ping_status":"closed","sticky":false,"template":"","format":"standard","meta":{"footnotes":""},"categories":[477,447,597,476,457,467,7541],"tags":[],"class_list":["post-196364","post","type-post","status-publish","format-standard","has-post-thumbnail","","category-noticias-edulcorantes","category-local-politica","category-cinta-de-noticias","category-locales","category-noticias-arabe-internacional-politica","category-siria-y-el-mundo","category-ultimas-noticias"],"_links":{"self":[{"href":"https:\/\/archive.sana.sy\/es\/index.php?rest_route=\/wp\/v2\/posts\/196364"}],"collection":[{"href":"https:\/\/archive.sana.sy\/es\/index.php?rest_route=\/wp\/v2\/posts"}],"about":[{"href":"https:\/\/archive.sana.sy\/es\/index.php?rest_route=\/wp\/v2\/types\/post"}],"author":[{"embeddable":true,"href":"https:\/\/archive.sana.sy\/es\/index.php?rest_route=\/wp\/v2\/users\/34"}],"replies":[{"embeddable":true,"href":"https:\/\/archive.sana.sy\/es\/index.php?rest_route=%2Fwp%2Fv2%2Fcomments&post=196364"}],"version-history":[{"count":0,"href":"https:\/\/archive.sana.sy\/es\/index.php?rest_route=\/wp\/v2\/posts\/196364\/revisions"}],"wp:featuredmedia":[{"embeddable":true,"href":"https:\/\/archive.sana.sy\/es\/index.php?rest_route=\/wp\/v2\/media\/196370"}],"wp:attachment":[{"href":"https:\/\/archive.sana.sy\/es\/index.php?rest_route=%2Fwp%2Fv2%2Fmedia&parent=196364"}],"wp:term":[{"taxonomy":"category","embeddable":true,"href":"https:\/\/archive.sana.sy\/es\/index.php?rest_route=%2Fwp%2Fv2%2Fcategories&post=196364"},{"taxonomy":"post_tag","embeddable":true,"href":"https:\/\/archive.sana.sy\/es\/index.php?rest_route=%2Fwp%2Fv2%2Ftags&post=196364"}],"curies":[{"name":"wp","href":"https:\/\/api.w.org\/{rel}","templated":true}]}}