{"id":196375,"date":"2021-09-09T06:00:21","date_gmt":"2021-09-09T03:00:21","guid":{"rendered":"http:\/\/107.6.182.27\/es\/?p=196375"},"modified":"2023-01-12T14:40:25","modified_gmt":"2023-01-12T12:40:25","slug":"buques-de-guerra-israelies-violan-aguas-territoriales-libanesas","status":"publish","type":"post","link":"https:\/\/archive.sana.sy\/es\/?p=196375","title":{"rendered":"Buques de guerra israel\u00edes violan aguas territoriales libanesas"},"content":{"rendered":"<p style=\"text-align: justify;\"><span style=\"color: #800000;\"><strong>Beirut, SANA<\/strong><\/span><\/p>\n<p style=\"text-align: justify;\">Embarcaciones de guerra del enemigo israel\u00ed violaron nuevamente la soberan\u00eda y las aguas territoriales libanesas.<\/p>\n<p style=\"text-align: justify;\">Una declaraci\u00f3n emitida por el Comando del Ej\u00e9rcito Liban\u00e9s inform\u00f3 que un buque de guerra del enemigo israel\u00ed viol\u00f3 las aguas territoriales libanesas frente al cabo de Naqoura.<\/p>\n<p style=\"text-align: justify;\">La nota explic\u00f3 que se est\u00e1 dando seguimiento a esa violaci\u00f3n en coordinaci\u00f3n con la Fuerza Provisional de las Naciones Unidas en el L\u00edbano.<\/p>\n<p style=\"text-align: justify;\">El enemigo israel\u00ed sigue violando el espacio a\u00e9reo, las tierras y las aguas territoriales del L\u00edbano, infringiendo todas las normas y leyes internacionales.<\/p>\n<p style=\"text-align: justify;\"><strong><span style=\"color: #0000ff;\">ed\/fm<\/span><\/strong><\/p>\n","protected":false},"excerpt":{"rendered":"<p>Beirut, SANA Embarcaciones de guerra del enemigo israel\u00ed violaron nuevamente la soberan\u00eda y las aguas territoriales libanesas. Una declaraci\u00f3n emitida por el Comando del Ej\u00e9rcito Liban\u00e9s inform\u00f3 que un buque de guerra del enemigo israel\u00ed viol\u00f3 las aguas territoriales libanesas frente al cabo de Naqoura. La nota explic\u00f3 que se est\u00e1 dando seguimiento a esa &hellip;<\/p>\n","protected":false},"author":32,"featured_media":196376,"comment_status":"closed","ping_status":"closed","sticky":false,"template":"","format":"standard","meta":{"footnotes":""},"categories":[597,456,7541],"tags":[],"class_list":["post-196375","post","type-post","status-publish","format-standard","has-post-thumbnail","","category-cinta-de-noticias","category-arabe-internacional-politica","category-ultimas-noticias"],"_links":{"self":[{"href":"https:\/\/archive.sana.sy\/es\/index.php?rest_route=\/wp\/v2\/posts\/196375"}],"collection":[{"href":"https:\/\/archive.sana.sy\/es\/index.php?rest_route=\/wp\/v2\/posts"}],"about":[{"href":"https:\/\/archive.sana.sy\/es\/index.php?rest_route=\/wp\/v2\/types\/post"}],"author":[{"embeddable":true,"href":"https:\/\/archive.sana.sy\/es\/index.php?rest_route=\/wp\/v2\/users\/32"}],"replies":[{"embeddable":true,"href":"https:\/\/archive.sana.sy\/es\/index.php?rest_route=%2Fwp%2Fv2%2Fcomments&post=196375"}],"version-history":[{"count":0,"href":"https:\/\/archive.sana.sy\/es\/index.php?rest_route=\/wp\/v2\/posts\/196375\/revisions"}],"wp:featuredmedia":[{"embeddable":true,"href":"https:\/\/archive.sana.sy\/es\/index.php?rest_route=\/wp\/v2\/media\/196376"}],"wp:attachment":[{"href":"https:\/\/archive.sana.sy\/es\/index.php?rest_route=%2Fwp%2Fv2%2Fmedia&parent=196375"}],"wp:term":[{"taxonomy":"category","embeddable":true,"href":"https:\/\/archive.sana.sy\/es\/index.php?rest_route=%2Fwp%2Fv2%2Fcategories&post=196375"},{"taxonomy":"post_tag","embeddable":true,"href":"https:\/\/archive.sana.sy\/es\/index.php?rest_route=%2Fwp%2Fv2%2Ftags&post=196375"}],"curies":[{"name":"wp","href":"https:\/\/api.w.org\/{rel}","templated":true}]}}