{"id":19638,"date":"2015-03-17T15:13:36","date_gmt":"2015-03-17T13:13:36","guid":{"rendered":"http:\/\/www.sana.sy\/es\/?p=19638"},"modified":"2023-01-09T14:10:17","modified_gmt":"2023-01-09T12:10:17","slug":"llega-el-primer-lote-de-ayudas-alimenticias-ofrecidas-por-el-pms-a-qamishli","status":"publish","type":"post","link":"https:\/\/archive.sana.sy\/es\/?p=19638","title":{"rendered":"Llega el primer lote de ayudas alimenticias ofrecidas por el PMS a Qamishli"},"content":{"rendered":"<p>Hassaka, SANA<\/p>\n<p>El director de Asuntos Sociales en la Gobernaci\u00f3n de Hassaka anunci\u00f3 este martes el inicio del ingreso de las ayudas alimenticias concedidas por el Programa Mundial de Alimentos en la provincia de Qamishli.<\/p>\n<p>El primer lote de ayudas que ser\u00e1n ingresadas a trav\u00e9s del paso fronterizo de Nasbin, consiste en 15 veh\u00edculos cargados de bolsas de harina, arroz y lentejas, adem\u00e1s de 46 mil canastas alimenticias, afirm\u00f3 el director, aclarando que el acceso de ayudas continuar\u00e1 hasta el 26 del mes en curso.<\/p>\n<p>&nbsp;<\/p>\n<p>Lynn A.<\/p>\n","protected":false},"excerpt":{"rendered":"<p>Hassaka, SANA El director de Asuntos Sociales en la Gobernaci\u00f3n de Hassaka anunci\u00f3 este martes el inicio del ingreso de las ayudas alimenticias concedidas por el Programa Mundial de Alimentos en la provincia de Qamishli. El primer lote de ayudas que ser\u00e1n ingresadas a trav\u00e9s del paso fronterizo de Nasbin, consiste en 15 veh\u00edculos cargados &hellip;<\/p>\n","protected":false},"author":24,"featured_media":4373,"comment_status":"closed","ping_status":"closed","sticky":false,"template":"","format":"standard","meta":{"footnotes":""},"categories":[476],"tags":[4447],"class_list":["post-19638","post","type-post","status-publish","format-standard","has-post-thumbnail","","category-locales","tag-llega-el-primer-lote-de-ayudas-alimenticias-ofrecidas-por-el-pms-a-qamishli"],"_links":{"self":[{"href":"https:\/\/archive.sana.sy\/es\/index.php?rest_route=\/wp\/v2\/posts\/19638"}],"collection":[{"href":"https:\/\/archive.sana.sy\/es\/index.php?rest_route=\/wp\/v2\/posts"}],"about":[{"href":"https:\/\/archive.sana.sy\/es\/index.php?rest_route=\/wp\/v2\/types\/post"}],"author":[{"embeddable":true,"href":"https:\/\/archive.sana.sy\/es\/index.php?rest_route=\/wp\/v2\/users\/24"}],"replies":[{"embeddable":true,"href":"https:\/\/archive.sana.sy\/es\/index.php?rest_route=%2Fwp%2Fv2%2Fcomments&post=19638"}],"version-history":[{"count":0,"href":"https:\/\/archive.sana.sy\/es\/index.php?rest_route=\/wp\/v2\/posts\/19638\/revisions"}],"wp:featuredmedia":[{"embeddable":true,"href":"https:\/\/archive.sana.sy\/es\/index.php?rest_route=\/wp\/v2\/media\/4373"}],"wp:attachment":[{"href":"https:\/\/archive.sana.sy\/es\/index.php?rest_route=%2Fwp%2Fv2%2Fmedia&parent=19638"}],"wp:term":[{"taxonomy":"category","embeddable":true,"href":"https:\/\/archive.sana.sy\/es\/index.php?rest_route=%2Fwp%2Fv2%2Fcategories&post=19638"},{"taxonomy":"post_tag","embeddable":true,"href":"https:\/\/archive.sana.sy\/es\/index.php?rest_route=%2Fwp%2Fv2%2Ftags&post=19638"}],"curies":[{"name":"wp","href":"https:\/\/api.w.org\/{rel}","templated":true}]}}