{"id":196381,"date":"2021-09-09T10:10:53","date_gmt":"2021-09-09T07:10:53","guid":{"rendered":"http:\/\/107.6.182.27\/es\/?p=196381"},"modified":"2023-01-10T14:26:25","modified_gmt":"2023-01-10T12:26:25","slug":"un-hombre-junto-a-su-esposa-e-hijo-mueren-por-explosion-de-mina-remanente-de-daesh-en-palmira","status":"publish","type":"post","link":"https:\/\/archive.sana.sy\/es\/?p=196381","title":{"rendered":"Un hombre junto a su esposa e hijo mueren por explosi\u00f3n de mina remanente de Daesh en Palmira"},"content":{"rendered":"<p style=\"text-align: justify;\"><strong><span style=\"color: #800000;\">Palmira, SANA<\/span><\/strong><\/p>\n<p style=\"text-align: justify;\">Un hombre, junto a su esposa y su hija menor, perdieron la vida, mientras otro de sus hijos result\u00f3 herido, por la explosi\u00f3n de una mina remanente de la organizaci\u00f3n terrorista \u201cDaesh\u201d.<\/p>\n<p style=\"text-align: justify;\">Seg\u00fan reportes del corresponsal de SANA en Palmira, el incidente ocurri\u00f3 en el \u00e1rea de al-Biyarat al-Gharbia, al oeste de Palmira, en la provincia de Homs.<\/p>\n<p style=\"text-align: justify;\">Agreg\u00f3 que las tres v\u00edctimas fallecieron afectadas por sus heridas en el hospital de Palmira mientras el hijo mayor lesionado fue trasladado a un hospital en Homs debido a la gravedad de sus heridas.<\/p>\n<p style=\"text-align: justify;\"><strong><span style=\"color: #0000ff;\">ed\/fm<\/span><\/strong><\/p>\n<p style=\"text-align: justify;\">\n","protected":false},"excerpt":{"rendered":"<p>Palmira, SANA Un hombre, junto a su esposa y su hija menor, perdieron la vida, mientras otro de sus hijos result\u00f3 herido, por la explosi\u00f3n de una mina remanente de la organizaci\u00f3n terrorista \u201cDaesh\u201d. Seg\u00fan reportes del corresponsal de SANA en Palmira, el incidente ocurri\u00f3 en el \u00e1rea de al-Biyarat al-Gharbia, al oeste de Palmira, &hellip;<\/p>\n","protected":false},"author":32,"featured_media":193000,"comment_status":"closed","ping_status":"closed","sticky":false,"template":"","format":"standard","meta":{"footnotes":""},"categories":[447,477,597,573,476,457,7541],"tags":[],"class_list":["post-196381","post","type-post","status-publish","format-standard","has-post-thumbnail","","category-local-politica","category-noticias-edulcorantes","category-cinta-de-noticias","category-la-realidad-de-los-acontecimientos-en-siria","category-locales","category-noticias-arabe-internacional-politica","category-ultimas-noticias"],"_links":{"self":[{"href":"https:\/\/archive.sana.sy\/es\/index.php?rest_route=\/wp\/v2\/posts\/196381"}],"collection":[{"href":"https:\/\/archive.sana.sy\/es\/index.php?rest_route=\/wp\/v2\/posts"}],"about":[{"href":"https:\/\/archive.sana.sy\/es\/index.php?rest_route=\/wp\/v2\/types\/post"}],"author":[{"embeddable":true,"href":"https:\/\/archive.sana.sy\/es\/index.php?rest_route=\/wp\/v2\/users\/32"}],"replies":[{"embeddable":true,"href":"https:\/\/archive.sana.sy\/es\/index.php?rest_route=%2Fwp%2Fv2%2Fcomments&post=196381"}],"version-history":[{"count":0,"href":"https:\/\/archive.sana.sy\/es\/index.php?rest_route=\/wp\/v2\/posts\/196381\/revisions"}],"wp:featuredmedia":[{"embeddable":true,"href":"https:\/\/archive.sana.sy\/es\/index.php?rest_route=\/wp\/v2\/media\/193000"}],"wp:attachment":[{"href":"https:\/\/archive.sana.sy\/es\/index.php?rest_route=%2Fwp%2Fv2%2Fmedia&parent=196381"}],"wp:term":[{"taxonomy":"category","embeddable":true,"href":"https:\/\/archive.sana.sy\/es\/index.php?rest_route=%2Fwp%2Fv2%2Fcategories&post=196381"},{"taxonomy":"post_tag","embeddable":true,"href":"https:\/\/archive.sana.sy\/es\/index.php?rest_route=%2Fwp%2Fv2%2Ftags&post=196381"}],"curies":[{"name":"wp","href":"https:\/\/api.w.org\/{rel}","templated":true}]}}