{"id":196520,"date":"2021-09-10T09:54:23","date_gmt":"2021-09-10T06:54:23","guid":{"rendered":"http:\/\/107.6.182.27\/es\/?p=196520"},"modified":"2021-09-10T09:54:23","modified_gmt":"2021-09-10T06:54:23","slug":"siria-y-rusia-abordan-cooperacion-bilateral-y-situacion-en-medio-oriente","status":"publish","type":"post","link":"https:\/\/archive.sana.sy\/es\/?p=196520","title":{"rendered":"Siria y Rusia abordan cooperaci\u00f3n bilateral y situaci\u00f3n en Medio Oriente"},"content":{"rendered":"<p style=\"text-align: justify;\"><span style=\"color: #800000;\"><strong>Mosc\u00fa, SANA<\/strong><\/span><\/p>\n<p style=\"text-align: justify;\">El representante especial del presidente ruso para Oriente Medio y Asuntos Africanos, el vicecanciller, Mikhail Bogdanov, examin\u00f3 con el embajador sirio en Mosc\u00fa, Riad Haddad, el fortalecimiento de la cooperaci\u00f3n bilateral y los desarrollos en el Medio Oriente.<\/p>\n<p style=\"text-align: justify;\">La Canciller\u00eda rusa inform\u00f3 en un comunicado que Bogdanov y Haddad discutieron un mayor fortalecimiento de la cooperaci\u00f3n en diversos campos entre ambos pa\u00edses, incluso la reconstrucci\u00f3n de Siria.<\/p>\n<p style=\"text-align: justify;\">\u201cRusia reitera su apoyo inquebrantable a la soberan\u00eda, unidad e integridad territorial de la Rep\u00fablica \u00c1rabe Siria, y ratifica su voluntad de seguir ayudando al pueblo sirio en la lucha contra el terrorismo internacional\u201d, concluy\u00f3 Canciller\u00eda su nota.<\/p>\n<p style=\"text-align: justify;\"><strong><span style=\"color: #0000ff;\">ah\/fm<\/span><\/strong><\/p>\n","protected":false},"excerpt":{"rendered":"<p>Mosc\u00fa, SANA El representante especial del presidente ruso para Oriente Medio y Asuntos Africanos, el vicecanciller, Mikhail Bogdanov, examin\u00f3 con el embajador sirio en Mosc\u00fa, Riad Haddad, el fortalecimiento de la cooperaci\u00f3n bilateral y los desarrollos en el Medio Oriente. La Canciller\u00eda rusa inform\u00f3 en un comunicado que Bogdanov y Haddad discutieron un mayor fortalecimiento &hellip;<\/p>\n","protected":false},"author":30,"featured_media":196521,"comment_status":"closed","ping_status":"closed","sticky":false,"template":"","format":"standard","meta":{"footnotes":""},"categories":[597,467,7541],"tags":[19474],"class_list":["post-196520","post","type-post","status-publish","format-standard","has-post-thumbnail","","category-cinta-de-noticias","category-siria-y-el-mundo","category-ultimas-noticias","tag-siria-y-rusia-abordan-cooperacion-bilateral-y-situacion-en-medio-oriente"],"_links":{"self":[{"href":"https:\/\/archive.sana.sy\/es\/index.php?rest_route=\/wp\/v2\/posts\/196520"}],"collection":[{"href":"https:\/\/archive.sana.sy\/es\/index.php?rest_route=\/wp\/v2\/posts"}],"about":[{"href":"https:\/\/archive.sana.sy\/es\/index.php?rest_route=\/wp\/v2\/types\/post"}],"author":[{"embeddable":true,"href":"https:\/\/archive.sana.sy\/es\/index.php?rest_route=\/wp\/v2\/users\/30"}],"replies":[{"embeddable":true,"href":"https:\/\/archive.sana.sy\/es\/index.php?rest_route=%2Fwp%2Fv2%2Fcomments&post=196520"}],"version-history":[{"count":0,"href":"https:\/\/archive.sana.sy\/es\/index.php?rest_route=\/wp\/v2\/posts\/196520\/revisions"}],"wp:featuredmedia":[{"embeddable":true,"href":"https:\/\/archive.sana.sy\/es\/index.php?rest_route=\/wp\/v2\/media\/196521"}],"wp:attachment":[{"href":"https:\/\/archive.sana.sy\/es\/index.php?rest_route=%2Fwp%2Fv2%2Fmedia&parent=196520"}],"wp:term":[{"taxonomy":"category","embeddable":true,"href":"https:\/\/archive.sana.sy\/es\/index.php?rest_route=%2Fwp%2Fv2%2Fcategories&post=196520"},{"taxonomy":"post_tag","embeddable":true,"href":"https:\/\/archive.sana.sy\/es\/index.php?rest_route=%2Fwp%2Fv2%2Ftags&post=196520"}],"curies":[{"name":"wp","href":"https:\/\/api.w.org\/{rel}","templated":true}]}}