{"id":196549,"date":"2021-09-10T13:31:23","date_gmt":"2021-09-10T10:31:23","guid":{"rendered":"http:\/\/107.6.182.27\/es\/?p=196549"},"modified":"2023-01-12T14:40:24","modified_gmt":"2023-01-12T12:40:24","slug":"dia-de-ira-en-palestina-contra-el-ocupante-y-en-apoyo-a-los-prisioneros","status":"publish","type":"post","link":"https:\/\/archive.sana.sy\/es\/?p=196549","title":{"rendered":"D\u00eda de ira en Palestina contra el ocupante y en apoyo a los prisioneros"},"content":{"rendered":"<p style=\"text-align: justify;\"><span style=\"color: #800000;\"><strong>Jerusal\u00e9n ocupada, SANA<\/strong><\/span><\/p>\n<p style=\"text-align: justify;\">Las localidades palestinas presenciaron un d\u00eda de ira en apoyo de los prisioneros en las c\u00e1rceles israel\u00edes y en protesta contra el ocupante que escal\u00f3 sus cr\u00edmenes tras la fuga de seis prisioneros palestinos a trav\u00e9s de un t\u00fanel excavado en la prisi\u00f3n de Gilboa.<\/p>\n<p style=\"text-align: justify;\">Las fuerzas nacionales palestinas convocaron a manifestaciones en la mayor\u00eda de las ciudades y aldeas cisjordanas y en la sitiada Franja de Gaza en solidaridad con los prisioneros y en rechazo de las violaciones de sus derechos por parte de los sionistas.<\/p>\n<p style=\"text-align: justify;\">Desde la fuga de los seis prisioneros el pasado lunes, las fuerzas israel\u00edes lanzaron una campa\u00f1a de represi\u00f3n contra los prisioneros, violando flagrantemente los convenios y acuerdos internacionales.<\/p>\n<p style=\"text-align: justify;\">Decenas de palestinos resultaron heridos en varias \u00e1reas de Cisjordania en los \u00faltimos d\u00edas debido a la represi\u00f3n israel\u00ed contra las manifestaciones en apoyo de los detenidos.<\/p>\n<p style=\"text-align: justify;\"><span style=\"color: #0000ff;\"><strong>ah\/fm<\/strong><\/span><\/p>\n","protected":false},"excerpt":{"rendered":"<p>Jerusal\u00e9n ocupada, SANA Las localidades palestinas presenciaron un d\u00eda de ira en apoyo de los prisioneros en las c\u00e1rceles israel\u00edes y en protesta contra el ocupante que escal\u00f3 sus cr\u00edmenes tras la fuga de seis prisioneros palestinos a trav\u00e9s de un t\u00fanel excavado en la prisi\u00f3n de Gilboa. Las fuerzas nacionales palestinas convocaron a manifestaciones &hellip;<\/p>\n","protected":false},"author":30,"featured_media":196550,"comment_status":"closed","ping_status":"closed","sticky":false,"template":"","format":"standard","meta":{"footnotes":""},"categories":[597,456],"tags":[19477],"class_list":["post-196549","post","type-post","status-publish","format-standard","has-post-thumbnail","","category-cinta-de-noticias","category-arabe-internacional-politica","tag-dia-de-ira-en-palestina-contra-el-ocupante-y-en-apoyo-a-los-prisioneros"],"_links":{"self":[{"href":"https:\/\/archive.sana.sy\/es\/index.php?rest_route=\/wp\/v2\/posts\/196549"}],"collection":[{"href":"https:\/\/archive.sana.sy\/es\/index.php?rest_route=\/wp\/v2\/posts"}],"about":[{"href":"https:\/\/archive.sana.sy\/es\/index.php?rest_route=\/wp\/v2\/types\/post"}],"author":[{"embeddable":true,"href":"https:\/\/archive.sana.sy\/es\/index.php?rest_route=\/wp\/v2\/users\/30"}],"replies":[{"embeddable":true,"href":"https:\/\/archive.sana.sy\/es\/index.php?rest_route=%2Fwp%2Fv2%2Fcomments&post=196549"}],"version-history":[{"count":0,"href":"https:\/\/archive.sana.sy\/es\/index.php?rest_route=\/wp\/v2\/posts\/196549\/revisions"}],"wp:featuredmedia":[{"embeddable":true,"href":"https:\/\/archive.sana.sy\/es\/index.php?rest_route=\/wp\/v2\/media\/196550"}],"wp:attachment":[{"href":"https:\/\/archive.sana.sy\/es\/index.php?rest_route=%2Fwp%2Fv2%2Fmedia&parent=196549"}],"wp:term":[{"taxonomy":"category","embeddable":true,"href":"https:\/\/archive.sana.sy\/es\/index.php?rest_route=%2Fwp%2Fv2%2Fcategories&post=196549"},{"taxonomy":"post_tag","embeddable":true,"href":"https:\/\/archive.sana.sy\/es\/index.php?rest_route=%2Fwp%2Fv2%2Ftags&post=196549"}],"curies":[{"name":"wp","href":"https:\/\/api.w.org\/{rel}","templated":true}]}}