{"id":196556,"date":"2021-09-10T15:28:33","date_gmt":"2021-09-10T12:28:33","guid":{"rendered":"http:\/\/107.6.182.27\/es\/?p=196556"},"modified":"2021-09-10T18:03:19","modified_gmt":"2021-09-10T15:03:19","slug":"lesionados-palestinos-por-represion-israeli-contra-manifestacion-en-apoyo-a-los-prisioneros","status":"publish","type":"post","link":"https:\/\/archive.sana.sy\/es\/?p=196556","title":{"rendered":"Lesionados palestinos por represi\u00f3n israel\u00ed contra manifestaci\u00f3n en apoyo a los prisioneros"},"content":{"rendered":"<p style=\"text-align: justify;\"><span style=\"color: #800000;\"><strong>Jerusal\u00e9n ocupada, SANA<\/strong><\/span><\/p>\n<p style=\"text-align: justify;\">Varios palestinos resultaron heridos durante el asalto de las tropas de ocupaci\u00f3n israel\u00edes a los patios de la Mezquita Al-Aqsa donde reprimieron una manifestaci\u00f3n palestina en apoyo a los prisioneros palestinos en las c\u00e1rceles israel\u00edes.<\/p>\n<p style=\"text-align: justify;\"><img loading=\"lazy\" decoding=\"async\" class=\"size-medium wp-image-196557 alignright\" src=\"http:\/\/107.6.182.27\/es\/wp-content\/uploads\/2021\/09\/54-16-300x213.jpg\" alt=\"\" width=\"300\" height=\"213\" srcset=\"https:\/\/archive.sana.sy\/es\/wp-content\/uploads\/2021\/09\/54-16-300x213.jpg 300w, https:\/\/archive.sana.sy\/es\/wp-content\/uploads\/2021\/09\/54-16-150x107.jpg 150w, https:\/\/archive.sana.sy\/es\/wp-content\/uploads\/2021\/09\/54-16.jpg 660w\" sizes=\"(max-width: 300px) 100vw, 300px\" \/><\/p>\n<p style=\"text-align: justify;\">Medios palestinos hab\u00edan informado que las fuerzas de ocupaci\u00f3n irrumpieron en Al-Aqsa disparando balas y botes de gas venenoso contra cientos de palestinos que se manifestaron tras la oraci\u00f3n del viernes en apoyo de los prisioneros y en rechazo a las violaciones de la ocupaci\u00f3n, lo cual provoc\u00f3 la asfixia de varios palestinos.<\/p>\n<p style=\"text-align: justify;\">En la v\u00edspera, varios palestinos, incluido un periodista, resultaron lesionados y asfixiados cuando las tropas sionistas reprimieron una manifestaci\u00f3n en Beta, al sur de Naplusa.<\/p>\n<p style=\"text-align: justify;\"><span style=\"color: #0000ff;\"><strong>sm\/rsh<\/strong><\/span><\/p>\n","protected":false},"excerpt":{"rendered":"<p>Jerusal\u00e9n ocupada, SANA Varios palestinos resultaron heridos durante el asalto de las tropas de ocupaci\u00f3n israel\u00edes a los patios de la Mezquita Al-Aqsa donde reprimieron una manifestaci\u00f3n palestina en apoyo a los prisioneros palestinos en las c\u00e1rceles israel\u00edes. Medios palestinos hab\u00edan informado que las fuerzas de ocupaci\u00f3n irrumpieron en Al-Aqsa disparando balas y botes de &hellip;<\/p>\n","protected":false},"author":39,"featured_media":196566,"comment_status":"closed","ping_status":"closed","sticky":false,"template":"","format":"standard","meta":{"footnotes":""},"categories":[1],"tags":[],"class_list":["post-196556","post","type-post","status-publish","format-standard","has-post-thumbnail","","category-news-not-sorted"],"_links":{"self":[{"href":"https:\/\/archive.sana.sy\/es\/index.php?rest_route=\/wp\/v2\/posts\/196556"}],"collection":[{"href":"https:\/\/archive.sana.sy\/es\/index.php?rest_route=\/wp\/v2\/posts"}],"about":[{"href":"https:\/\/archive.sana.sy\/es\/index.php?rest_route=\/wp\/v2\/types\/post"}],"author":[{"embeddable":true,"href":"https:\/\/archive.sana.sy\/es\/index.php?rest_route=\/wp\/v2\/users\/39"}],"replies":[{"embeddable":true,"href":"https:\/\/archive.sana.sy\/es\/index.php?rest_route=%2Fwp%2Fv2%2Fcomments&post=196556"}],"version-history":[{"count":0,"href":"https:\/\/archive.sana.sy\/es\/index.php?rest_route=\/wp\/v2\/posts\/196556\/revisions"}],"wp:featuredmedia":[{"embeddable":true,"href":"https:\/\/archive.sana.sy\/es\/index.php?rest_route=\/wp\/v2\/media\/196566"}],"wp:attachment":[{"href":"https:\/\/archive.sana.sy\/es\/index.php?rest_route=%2Fwp%2Fv2%2Fmedia&parent=196556"}],"wp:term":[{"taxonomy":"category","embeddable":true,"href":"https:\/\/archive.sana.sy\/es\/index.php?rest_route=%2Fwp%2Fv2%2Fcategories&post=196556"},{"taxonomy":"post_tag","embeddable":true,"href":"https:\/\/archive.sana.sy\/es\/index.php?rest_route=%2Fwp%2Fv2%2Ftags&post=196556"}],"curies":[{"name":"wp","href":"https:\/\/api.w.org\/{rel}","templated":true}]}}