{"id":196563,"date":"2021-09-10T15:25:56","date_gmt":"2021-09-10T12:25:56","guid":{"rendered":"http:\/\/107.6.182.27\/es\/?p=196563"},"modified":"2023-01-12T14:40:24","modified_gmt":"2023-01-12T12:40:24","slug":"nuevo-gobierno-en-libano","status":"publish","type":"post","link":"https:\/\/archive.sana.sy\/es\/?p=196563","title":{"rendered":"Nuevo gobierno en L\u00edbano"},"content":{"rendered":"<p style=\"text-align: justify;\"><span style=\"color: #800000;\"><strong>Beirut, SANA<\/strong><\/span><\/p>\n<p style=\"text-align: justify;\">La presidencia libanesa anunci\u00f3 hoy la formaci\u00f3n de un nuevo gobierno encabezado por Najib Mikati.<\/p>\n<p style=\"text-align: justify;\">La presidencia inform\u00f3 en una declaraci\u00f3n difundida por la Agencia Nacional Libanesa de Noticias, que el presidente Michel Aoun y Mikati, firmaron el decreto para formar el nuevo gobierno en presencia del presidente del Parlamento, Nabih Berri.<\/p>\n<p style=\"text-align: justify;\">El 26 de julio, la presidencia libanesa anunci\u00f3 el nombramiento de Mikati para formar el nuevo gabinete.<\/p>\n<p style=\"text-align: justify;\"><span style=\"color: #0000ff;\"><strong>sm\/rsh<\/strong><\/span><\/p>\n","protected":false},"excerpt":{"rendered":"<p>Beirut, SANA La presidencia libanesa anunci\u00f3 hoy la formaci\u00f3n de un nuevo gobierno encabezado por Najib Mikati. La presidencia inform\u00f3 en una declaraci\u00f3n difundida por la Agencia Nacional Libanesa de Noticias, que el presidente Michel Aoun y Mikati, firmaron el decreto para formar el nuevo gobierno en presencia del presidente del Parlamento, Nabih Berri. El &hellip;<\/p>\n","protected":false},"author":39,"featured_media":196564,"comment_status":"closed","ping_status":"closed","sticky":false,"template":"","format":"standard","meta":{"footnotes":""},"categories":[597,456],"tags":[],"class_list":["post-196563","post","type-post","status-publish","format-standard","has-post-thumbnail","","category-cinta-de-noticias","category-arabe-internacional-politica"],"_links":{"self":[{"href":"https:\/\/archive.sana.sy\/es\/index.php?rest_route=\/wp\/v2\/posts\/196563"}],"collection":[{"href":"https:\/\/archive.sana.sy\/es\/index.php?rest_route=\/wp\/v2\/posts"}],"about":[{"href":"https:\/\/archive.sana.sy\/es\/index.php?rest_route=\/wp\/v2\/types\/post"}],"author":[{"embeddable":true,"href":"https:\/\/archive.sana.sy\/es\/index.php?rest_route=\/wp\/v2\/users\/39"}],"replies":[{"embeddable":true,"href":"https:\/\/archive.sana.sy\/es\/index.php?rest_route=%2Fwp%2Fv2%2Fcomments&post=196563"}],"version-history":[{"count":0,"href":"https:\/\/archive.sana.sy\/es\/index.php?rest_route=\/wp\/v2\/posts\/196563\/revisions"}],"wp:featuredmedia":[{"embeddable":true,"href":"https:\/\/archive.sana.sy\/es\/index.php?rest_route=\/wp\/v2\/media\/196564"}],"wp:attachment":[{"href":"https:\/\/archive.sana.sy\/es\/index.php?rest_route=%2Fwp%2Fv2%2Fmedia&parent=196563"}],"wp:term":[{"taxonomy":"category","embeddable":true,"href":"https:\/\/archive.sana.sy\/es\/index.php?rest_route=%2Fwp%2Fv2%2Fcategories&post=196563"},{"taxonomy":"post_tag","embeddable":true,"href":"https:\/\/archive.sana.sy\/es\/index.php?rest_route=%2Fwp%2Fv2%2Ftags&post=196563"}],"curies":[{"name":"wp","href":"https:\/\/api.w.org\/{rel}","templated":true}]}}