{"id":196585,"date":"2021-09-10T17:51:59","date_gmt":"2021-09-10T14:51:59","guid":{"rendered":"http:\/\/107.6.182.27\/es\/?p=196585"},"modified":"2021-09-10T17:53:42","modified_gmt":"2021-09-10T14:53:42","slug":"ministro-de-awqaf-occidente-creo-el-extremismo-y-lo-fomento-y-lo-empleo-para-destruir-a-paises-y-sociedades","status":"publish","type":"post","link":"https:\/\/archive.sana.sy\/es\/?p=196585","title":{"rendered":"Ministro de Awqaf: Occidente cre\u00f3 el extremismo, lo foment\u00f3 y lo emple\u00f3 para destruir a pa\u00edses y sociedades"},"content":{"rendered":"<p style=\"text-align: justify;\"><span style=\"color: #800000;\"><strong>Mosc\u00fa, SANA<\/strong><\/span><\/p>\n<p style=\"text-align: justify;\">El ministro de Asuntos Religiosos (Awqaf), Muhammad Abdul-Sattar Al-Sayyed, afirm\u00f3 hoy que Occidente cre\u00f3 y desarroll\u00f3 el extremismo, y lo emple\u00f3 para arruinar a pa\u00edses y sociedades, y reafirm\u00f3 que el terrorismo y el extremismo no son del Islam.<\/p>\n<p style=\"text-align: justify;\">Durante su Serm\u00f3n del Viernes en la Gran Mezquita Al-Azrak en la ciudad rusa de San Petersburgo, el Titular dijo: Vinimos desde Siria que es el coraz\u00f3n del Levante, que a lo largo de la historia transmiti\u00f3 los valores del Islam abierto y moderado, y que fue testigo de los mejores ejemplos de fraternidad entre las religiones celestiales.<\/p>\n<p style=\"text-align: justify;\">La batalla que libr\u00f3 y sigue liberando nuestro Ej\u00e9rcito \u00c1rabe Sirio es para preservar este modelo, afirm\u00f3.<\/p>\n<p style=\"text-align: justify;\">Seg\u00fan al-Sayyed, Occidente est\u00e1 tratando de hacer que organizaciones como el Daesh, al-Qaeda, Al-Nousra\u201d y la Hermandad Musulmana sean los representantes del Islam. \u201cEsto es lo que enfrentamos nosotros en Siria como instituci\u00f3n religiosa en cooperaci\u00f3n con las administraciones religiosas de Rusia, manifest\u00f3 el Ministro.<\/p>\n<p style=\"text-align: justify;\">El martes \u00faltimo, comenz\u00f3 el Foro Internacional de Religiones en San Petersburgo, con la participaci\u00f3n del Ministro de Awqaf, donde se abordar\u00e1n los temas religiosos, sociales e intelectuales m\u00e1s importantes.<\/p>\n<p style=\"text-align: justify;\"><span style=\"color: #0000ff;\"><strong>fm\/sm<\/strong><\/span><\/p>\n","protected":false},"excerpt":{"rendered":"<p>Mosc\u00fa, SANA El ministro de Asuntos Religiosos (Awqaf), Muhammad Abdul-Sattar Al-Sayyed, afirm\u00f3 hoy que Occidente cre\u00f3 y desarroll\u00f3 el extremismo, y lo emple\u00f3 para arruinar a pa\u00edses y sociedades, y reafirm\u00f3 que el terrorismo y el extremismo no son del Islam. Durante su Serm\u00f3n del Viernes en la Gran Mezquita Al-Azrak en la ciudad rusa &hellip;<\/p>\n","protected":false},"author":39,"featured_media":196586,"comment_status":"closed","ping_status":"closed","sticky":false,"template":"","format":"standard","meta":{"footnotes":""},"categories":[597,457,467,7541],"tags":[],"class_list":["post-196585","post","type-post","status-publish","format-standard","has-post-thumbnail","","category-cinta-de-noticias","category-noticias-arabe-internacional-politica","category-siria-y-el-mundo","category-ultimas-noticias"],"_links":{"self":[{"href":"https:\/\/archive.sana.sy\/es\/index.php?rest_route=\/wp\/v2\/posts\/196585"}],"collection":[{"href":"https:\/\/archive.sana.sy\/es\/index.php?rest_route=\/wp\/v2\/posts"}],"about":[{"href":"https:\/\/archive.sana.sy\/es\/index.php?rest_route=\/wp\/v2\/types\/post"}],"author":[{"embeddable":true,"href":"https:\/\/archive.sana.sy\/es\/index.php?rest_route=\/wp\/v2\/users\/39"}],"replies":[{"embeddable":true,"href":"https:\/\/archive.sana.sy\/es\/index.php?rest_route=%2Fwp%2Fv2%2Fcomments&post=196585"}],"version-history":[{"count":0,"href":"https:\/\/archive.sana.sy\/es\/index.php?rest_route=\/wp\/v2\/posts\/196585\/revisions"}],"wp:featuredmedia":[{"embeddable":true,"href":"https:\/\/archive.sana.sy\/es\/index.php?rest_route=\/wp\/v2\/media\/196586"}],"wp:attachment":[{"href":"https:\/\/archive.sana.sy\/es\/index.php?rest_route=%2Fwp%2Fv2%2Fmedia&parent=196585"}],"wp:term":[{"taxonomy":"category","embeddable":true,"href":"https:\/\/archive.sana.sy\/es\/index.php?rest_route=%2Fwp%2Fv2%2Fcategories&post=196585"},{"taxonomy":"post_tag","embeddable":true,"href":"https:\/\/archive.sana.sy\/es\/index.php?rest_route=%2Fwp%2Fv2%2Ftags&post=196585"}],"curies":[{"name":"wp","href":"https:\/\/api.w.org\/{rel}","templated":true}]}}