{"id":196589,"date":"2021-09-10T18:05:43","date_gmt":"2021-09-10T15:05:43","guid":{"rendered":"http:\/\/107.6.182.27\/es\/?p=196589"},"modified":"2023-01-12T14:40:23","modified_gmt":"2023-01-12T12:40:23","slug":"ola-de-protestas-palestinas-y-la-represion-del-ocupante-provoca-lesiones-a-decenas-de-manifestantes","status":"publish","type":"post","link":"https:\/\/archive.sana.sy\/es\/?p=196589","title":{"rendered":"Ola de protestas palestinas y la represi\u00f3n del ocupante provoca lesiones a decenas de manifestantes"},"content":{"rendered":"<p style=\"text-align: justify;\"><span style=\"color: #800000;\"><strong>Jerusal\u00e9n ocupada, SANA<\/strong><\/span><\/p>\n<p style=\"text-align: justify;\">Decenas de palestinos resultaron heridos hoy por la represi\u00f3n criminal de las fuerzas de ocupaci\u00f3n israel\u00edes a las manifestaciones, en apoyo a los prisioneros palestinos.<\/p>\n<p style=\"text-align: justify;\">Las tropas ocupantes emplearon balas reales y bombas de gas lacrim\u00f3geno contra los participantes en las protestas que salieron en las diferentes localidades de Cisjordania.<\/p>\n<p style=\"text-align: justify;\">Asimismo, los medios de comunicaci\u00f3n palestinos informaron que las fuerzas de ocupaci\u00f3n irrumpieron en la sagrada mezquita al-Aqsa y reprimi\u00f3 a cientos de palestinos que se manifestaron en sus patios despu\u00e9s de terminar las oraciones del Viernes.<\/p>\n<p><img loading=\"lazy\" decoding=\"async\" class=\"size-medium wp-image-196590 alignright\" src=\"http:\/\/107.6.182.27\/es\/wp-content\/uploads\/2021\/09\/54-16-1-300x213.jpg\" alt=\"\" width=\"300\" height=\"213\" srcset=\"https:\/\/archive.sana.sy\/es\/wp-content\/uploads\/2021\/09\/54-16-1-300x213.jpg 300w, https:\/\/archive.sana.sy\/es\/wp-content\/uploads\/2021\/09\/54-16-1-150x107.jpg 150w, https:\/\/archive.sana.sy\/es\/wp-content\/uploads\/2021\/09\/54-16-1.jpg 660w\" sizes=\"(max-width: 300px) 100vw, 300px\" \/><\/p>\n<p style=\"text-align: justify;\">De igual manera, cientos de palestinos participaron en las manifestaciones en Jenin, en apoyo de los prisioneros y contra los cr\u00edmenes de la ocupaci\u00f3n israel\u00ed.<\/p>\n<p style=\"text-align: justify;\">Los participantes destacaron la necesidad de que la comunidad internacional rompa su silencio y tome medidas inmediatas para detener las brutales pr\u00e1cticas del ocupante.<\/p>\n<p style=\"text-align: justify;\"><span style=\"color: #0000ff;\"><strong>fm\/sm<\/strong><\/span><\/p>\n","protected":false},"excerpt":{"rendered":"<p>Jerusal\u00e9n ocupada, SANA Decenas de palestinos resultaron heridos hoy por la represi\u00f3n criminal de las fuerzas de ocupaci\u00f3n israel\u00edes a las manifestaciones, en apoyo a los prisioneros palestinos. Las tropas ocupantes emplearon balas reales y bombas de gas lacrim\u00f3geno contra los participantes en las protestas que salieron en las diferentes localidades de Cisjordania. Asimismo, los &hellip;<\/p>\n","protected":false},"author":39,"featured_media":196591,"comment_status":"closed","ping_status":"closed","sticky":false,"template":"","format":"standard","meta":{"footnotes":""},"categories":[597,456],"tags":[],"class_list":["post-196589","post","type-post","status-publish","format-standard","has-post-thumbnail","","category-cinta-de-noticias","category-arabe-internacional-politica"],"_links":{"self":[{"href":"https:\/\/archive.sana.sy\/es\/index.php?rest_route=\/wp\/v2\/posts\/196589"}],"collection":[{"href":"https:\/\/archive.sana.sy\/es\/index.php?rest_route=\/wp\/v2\/posts"}],"about":[{"href":"https:\/\/archive.sana.sy\/es\/index.php?rest_route=\/wp\/v2\/types\/post"}],"author":[{"embeddable":true,"href":"https:\/\/archive.sana.sy\/es\/index.php?rest_route=\/wp\/v2\/users\/39"}],"replies":[{"embeddable":true,"href":"https:\/\/archive.sana.sy\/es\/index.php?rest_route=%2Fwp%2Fv2%2Fcomments&post=196589"}],"version-history":[{"count":0,"href":"https:\/\/archive.sana.sy\/es\/index.php?rest_route=\/wp\/v2\/posts\/196589\/revisions"}],"wp:featuredmedia":[{"embeddable":true,"href":"https:\/\/archive.sana.sy\/es\/index.php?rest_route=\/wp\/v2\/media\/196591"}],"wp:attachment":[{"href":"https:\/\/archive.sana.sy\/es\/index.php?rest_route=%2Fwp%2Fv2%2Fmedia&parent=196589"}],"wp:term":[{"taxonomy":"category","embeddable":true,"href":"https:\/\/archive.sana.sy\/es\/index.php?rest_route=%2Fwp%2Fv2%2Fcategories&post=196589"},{"taxonomy":"post_tag","embeddable":true,"href":"https:\/\/archive.sana.sy\/es\/index.php?rest_route=%2Fwp%2Fv2%2Ftags&post=196589"}],"curies":[{"name":"wp","href":"https:\/\/api.w.org\/{rel}","templated":true}]}}