{"id":196608,"date":"2021-09-10T18:05:17","date_gmt":"2021-09-10T15:05:17","guid":{"rendered":"http:\/\/107.6.182.27\/es\/?p=196608"},"modified":"2023-01-12T14:40:23","modified_gmt":"2023-01-12T12:40:23","slug":"un-palestino-cae-martir-por-disparos-de-soldados-sionistas-en-jerusalen-ocupada","status":"publish","type":"post","link":"https:\/\/archive.sana.sy\/es\/?p=196608","title":{"rendered":"Un palestino cae m\u00e1rtir por disparos de soldados sionistas en Jerusal\u00e9n ocupada"},"content":{"rendered":"<p><span style=\"color: #800000;\">Jerusal\u00e9n ocupada, SANA<\/span><\/p>\n<p style=\"text-align: justify;\">Un civil palestino muri\u00f3 a disparos de las fuerzas de ocupaci\u00f3n israel\u00edes en el casco viejo de Jerusal\u00e9n ocupada.<\/p>\n<p style=\"text-align: justify;\">La agencia palestina \u201cWafa\u201d inform\u00f3 que los militares del ocupante dispararon contra Hazem al-Jolani, un m\u00e9dico, que estaba sentando cerca de una de las entradas de la mezquita al-Aqsa, y a consecuencia de lo cual result\u00f3 gravemente lesionado.<\/p>\n<p style=\"text-align: justify;\">\u201cLas fuerzas sionistas impidieron que los palestinos se acercaran a la v\u00edctima, lo que provoc\u00f3 su muerte\u201d, detall\u00f3.<\/p>\n<p style=\"text-align: justify;\">Decenas de palestinos resultaron heridos hoy por la represi\u00f3n criminal de las fuerzas de ocupaci\u00f3n israel\u00edes a las manifestaciones, en apoyo a los prisioneros palestinos.<\/p>\n<p style=\"text-align: justify;\">Las tropas ocupantes emplearon balas reales y bombas de gas lacrim\u00f3geno contra los participantes en las protestas que salieron en las diferentes localidades de Cisjordania.<\/p>\n<p style=\"text-align: justify;\">Asimismo, los medios de comunicaci\u00f3n palestinos informaron que las fuerzas de ocupaci\u00f3n irrumpieron en la sagrada mezquita al-Aqsa y reprimi\u00f3 a cientos de palestinos que se manifestaron en sus patios despu\u00e9s de terminar las oraciones del Viernes.<\/p>\n<p style=\"text-align: justify;\">De igual manera, cientos de palestinos participaron en las manifestaciones en Jenin, en apoyo de los prisioneros y contra los cr\u00edmenes de la ocupaci\u00f3n israel\u00ed.<\/p>\n<p style=\"text-align: justify;\">Los participantes destacaron la necesidad de que la comunidad internacional rompa su silencio y tome medidas inmediatas para detener las brutales pr\u00e1cticas del ocupante.<\/p>\n<p><span style=\"color: #0000ff;\">rr\/fm<\/span><\/p>\n","protected":false},"excerpt":{"rendered":"<p>Jerusal\u00e9n ocupada, SANA Un civil palestino muri\u00f3 a disparos de las fuerzas de ocupaci\u00f3n israel\u00edes en el casco viejo de Jerusal\u00e9n ocupada. La agencia palestina \u201cWafa\u201d inform\u00f3 que los militares del ocupante dispararon contra Hazem al-Jolani, un m\u00e9dico, que estaba sentando cerca de una de las entradas de la mezquita al-Aqsa, y a consecuencia de &hellip;<\/p>\n","protected":false},"author":31,"featured_media":196609,"comment_status":"closed","ping_status":"closed","sticky":false,"template":"","format":"standard","meta":{"footnotes":""},"categories":[456],"tags":[],"class_list":["post-196608","post","type-post","status-publish","format-standard","has-post-thumbnail","","category-arabe-internacional-politica"],"_links":{"self":[{"href":"https:\/\/archive.sana.sy\/es\/index.php?rest_route=\/wp\/v2\/posts\/196608"}],"collection":[{"href":"https:\/\/archive.sana.sy\/es\/index.php?rest_route=\/wp\/v2\/posts"}],"about":[{"href":"https:\/\/archive.sana.sy\/es\/index.php?rest_route=\/wp\/v2\/types\/post"}],"author":[{"embeddable":true,"href":"https:\/\/archive.sana.sy\/es\/index.php?rest_route=\/wp\/v2\/users\/31"}],"replies":[{"embeddable":true,"href":"https:\/\/archive.sana.sy\/es\/index.php?rest_route=%2Fwp%2Fv2%2Fcomments&post=196608"}],"version-history":[{"count":0,"href":"https:\/\/archive.sana.sy\/es\/index.php?rest_route=\/wp\/v2\/posts\/196608\/revisions"}],"wp:featuredmedia":[{"embeddable":true,"href":"https:\/\/archive.sana.sy\/es\/index.php?rest_route=\/wp\/v2\/media\/196609"}],"wp:attachment":[{"href":"https:\/\/archive.sana.sy\/es\/index.php?rest_route=%2Fwp%2Fv2%2Fmedia&parent=196608"}],"wp:term":[{"taxonomy":"category","embeddable":true,"href":"https:\/\/archive.sana.sy\/es\/index.php?rest_route=%2Fwp%2Fv2%2Fcategories&post=196608"},{"taxonomy":"post_tag","embeddable":true,"href":"https:\/\/archive.sana.sy\/es\/index.php?rest_route=%2Fwp%2Fv2%2Ftags&post=196608"}],"curies":[{"name":"wp","href":"https:\/\/api.w.org\/{rel}","templated":true}]}}