{"id":196637,"date":"2021-09-10T17:45:34","date_gmt":"2021-09-10T14:45:34","guid":{"rendered":"http:\/\/107.6.182.27\/es\/?p=196637"},"modified":"2023-01-12T14:40:24","modified_gmt":"2023-01-12T12:40:24","slug":"fuerzas-de-ocupacion-israelies-detienen-a-dos-de-los-seis-prisioneros-palestinos-que-se-fugaron-de-la-prision-de-gilboa","status":"publish","type":"post","link":"https:\/\/archive.sana.sy\/es\/?p=196637","title":{"rendered":"Fuerzas de ocupaci\u00f3n israel\u00edes detienen a dos de los seis prisioneros palestinos que se fugaron de la prisi\u00f3n de Gilboa"},"content":{"rendered":"<p><span style=\"color: #800000;\">Jerusal\u00e9n ocupada, SANA<\/span><\/p>\n<p style=\"text-align: justify;\">Las fuerzas de ocupaci\u00f3n israel\u00edes arrestaron a dos de los seis prisioneros palestinos que se fugaron de la prisi\u00f3n de Gilboa hace unos d\u00edas, en la ciudad Nazaret en los territorios palestinos ocupados de 1948.<\/p>\n<p style=\"text-align: justify;\">Medios de prensa del ocupante difundieron que los dos prisioneros son Yaqoub Qadri y Muhammad Ardah.<\/p>\n<p style=\"text-align: justify;\">El lunes pasado, seis prisioneros palestinos lograron fugarse a trav\u00e9s de un t\u00fanel cavado por ellos de la prisi\u00f3n de Gilboa en la ciudad de Bisan en los territorios palestinos ocupados de 1948.<\/p>\n<p><span style=\"color: #0000ff;\">fm\/rr<\/span><\/p>\n","protected":false},"excerpt":{"rendered":"<p>Jerusal\u00e9n ocupada, SANA Las fuerzas de ocupaci\u00f3n israel\u00edes arrestaron a dos de los seis prisioneros palestinos que se fugaron de la prisi\u00f3n de Gilboa hace unos d\u00edas, en la ciudad Nazaret en los territorios palestinos ocupados de 1948. Medios de prensa del ocupante difundieron que los dos prisioneros son Yaqoub Qadri y Muhammad Ardah. El &hellip;<\/p>\n","protected":false},"author":31,"featured_media":196641,"comment_status":"closed","ping_status":"closed","sticky":false,"template":"","format":"standard","meta":{"footnotes":""},"categories":[597,456,7541],"tags":[],"class_list":["post-196637","post","type-post","status-publish","format-standard","has-post-thumbnail","","category-cinta-de-noticias","category-arabe-internacional-politica","category-ultimas-noticias"],"_links":{"self":[{"href":"https:\/\/archive.sana.sy\/es\/index.php?rest_route=\/wp\/v2\/posts\/196637"}],"collection":[{"href":"https:\/\/archive.sana.sy\/es\/index.php?rest_route=\/wp\/v2\/posts"}],"about":[{"href":"https:\/\/archive.sana.sy\/es\/index.php?rest_route=\/wp\/v2\/types\/post"}],"author":[{"embeddable":true,"href":"https:\/\/archive.sana.sy\/es\/index.php?rest_route=\/wp\/v2\/users\/31"}],"replies":[{"embeddable":true,"href":"https:\/\/archive.sana.sy\/es\/index.php?rest_route=%2Fwp%2Fv2%2Fcomments&post=196637"}],"version-history":[{"count":0,"href":"https:\/\/archive.sana.sy\/es\/index.php?rest_route=\/wp\/v2\/posts\/196637\/revisions"}],"wp:featuredmedia":[{"embeddable":true,"href":"https:\/\/archive.sana.sy\/es\/index.php?rest_route=\/wp\/v2\/media\/196641"}],"wp:attachment":[{"href":"https:\/\/archive.sana.sy\/es\/index.php?rest_route=%2Fwp%2Fv2%2Fmedia&parent=196637"}],"wp:term":[{"taxonomy":"category","embeddable":true,"href":"https:\/\/archive.sana.sy\/es\/index.php?rest_route=%2Fwp%2Fv2%2Fcategories&post=196637"},{"taxonomy":"post_tag","embeddable":true,"href":"https:\/\/archive.sana.sy\/es\/index.php?rest_route=%2Fwp%2Fv2%2Ftags&post=196637"}],"curies":[{"name":"wp","href":"https:\/\/api.w.org\/{rel}","templated":true}]}}