{"id":196710,"date":"2021-09-11T16:48:00","date_gmt":"2021-09-11T13:48:00","guid":{"rendered":"http:\/\/107.6.182.27\/es\/?p=196710"},"modified":"2023-01-12T14:40:23","modified_gmt":"2023-01-12T12:40:23","slug":"perdidas-en-las-filas-del-agresor-saudita-en-yemen","status":"publish","type":"post","link":"https:\/\/archive.sana.sy\/es\/?p=196710","title":{"rendered":"P\u00e9rdidas en las filas del agresor saudita en Yemen"},"content":{"rendered":"<p style=\"text-align: justify;\"><strong><span style=\"color: #800000;\">San\u00e1, SANA<\/span><\/strong><\/p>\n<p style=\"text-align: justify;\">Las fuerzas armadas yemen\u00edes lanzaron una operaci\u00f3n militar a gran escala en la gobernaci\u00f3n de Ma\u2019rib, lo cual provoc\u00f3 la muerte y lesi\u00f3n de decenas de mercenarios del agresor saudita, y la liberaci\u00f3n de los distritos de Rahabah y Mahliyah, seg\u00fan inform\u00f3 el portavoz de las Fuerzas Armadas de Yemen, el general de brigada, Yahya Saree.<\/p>\n<p style=\"text-align: justify;\">\u201cDurante la operaci\u00f3n, se liber\u00f3 un \u00e1rea total de aproximadamente 1.200m\u00b2 de los distritos antes mencionados, mientras que 151 mercenarios de la coalici\u00f3n cayeron entre muertos y heridos y, otros fueron capturados\u201d, inform\u00f3 Saree al portal informativo yemenita Al Masirah.<\/p>\n<p style=\"text-align: justify;\">Saree indic\u00f3 que el ej\u00e9rcito yemen\u00ed continuar\u00e1 sus operaciones militares contra el agresor saudita y sus mercenarios, y para defender al pueblo de Yemen que est\u00e1 decidido a completar la liberaci\u00f3n de todas las tierras yemen\u00edes hasta que se logre la independencia.<\/p>\n<p style=\"text-align: justify;\"><span style=\"color: #0000ff;\"><strong>sm\/rsh<\/strong><\/span><\/p>\n","protected":false},"excerpt":{"rendered":"<p>San\u00e1, SANA Las fuerzas armadas yemen\u00edes lanzaron una operaci\u00f3n militar a gran escala en la gobernaci\u00f3n de Ma\u2019rib, lo cual provoc\u00f3 la muerte y lesi\u00f3n de decenas de mercenarios del agresor saudita, y la liberaci\u00f3n de los distritos de Rahabah y Mahliyah, seg\u00fan inform\u00f3 el portavoz de las Fuerzas Armadas de Yemen, el general de &hellip;<\/p>\n","protected":false},"author":39,"featured_media":196711,"comment_status":"closed","ping_status":"closed","sticky":false,"template":"","format":"standard","meta":{"footnotes":""},"categories":[597,456],"tags":[],"class_list":["post-196710","post","type-post","status-publish","format-standard","has-post-thumbnail","","category-cinta-de-noticias","category-arabe-internacional-politica"],"_links":{"self":[{"href":"https:\/\/archive.sana.sy\/es\/index.php?rest_route=\/wp\/v2\/posts\/196710"}],"collection":[{"href":"https:\/\/archive.sana.sy\/es\/index.php?rest_route=\/wp\/v2\/posts"}],"about":[{"href":"https:\/\/archive.sana.sy\/es\/index.php?rest_route=\/wp\/v2\/types\/post"}],"author":[{"embeddable":true,"href":"https:\/\/archive.sana.sy\/es\/index.php?rest_route=\/wp\/v2\/users\/39"}],"replies":[{"embeddable":true,"href":"https:\/\/archive.sana.sy\/es\/index.php?rest_route=%2Fwp%2Fv2%2Fcomments&post=196710"}],"version-history":[{"count":0,"href":"https:\/\/archive.sana.sy\/es\/index.php?rest_route=\/wp\/v2\/posts\/196710\/revisions"}],"wp:featuredmedia":[{"embeddable":true,"href":"https:\/\/archive.sana.sy\/es\/index.php?rest_route=\/wp\/v2\/media\/196711"}],"wp:attachment":[{"href":"https:\/\/archive.sana.sy\/es\/index.php?rest_route=%2Fwp%2Fv2%2Fmedia&parent=196710"}],"wp:term":[{"taxonomy":"category","embeddable":true,"href":"https:\/\/archive.sana.sy\/es\/index.php?rest_route=%2Fwp%2Fv2%2Fcategories&post=196710"},{"taxonomy":"post_tag","embeddable":true,"href":"https:\/\/archive.sana.sy\/es\/index.php?rest_route=%2Fwp%2Fv2%2Ftags&post=196710"}],"curies":[{"name":"wp","href":"https:\/\/api.w.org\/{rel}","templated":true}]}}