{"id":196757,"date":"2021-09-11T18:46:25","date_gmt":"2021-09-11T15:46:25","guid":{"rendered":"http:\/\/107.6.182.27\/es\/?p=196757"},"modified":"2023-01-10T14:26:23","modified_gmt":"2023-01-10T12:26:23","slug":"proyecto-jarih-al-watan-ofrecio-atencion-medica-al-94-de-los-militares-heridos","status":"publish","type":"post","link":"https:\/\/archive.sana.sy\/es\/?p=196757","title":{"rendered":"Proyecto \u201cJarih Al-Watan\u201d ofreci\u00f3 atenci\u00f3n m\u00e9dica al 94% de los militares heridos"},"content":{"rendered":"<p style=\"text-align: justify;\"><span style=\"color: #800000;\"><strong>Damasco, SANA<\/strong><\/span><\/p>\n<p style=\"text-align: justify;\">El Comit\u00e9 Conjunto del proyecto &#8220;Herido de Patria\u201d (Jarih Al-Watan, en \u00e1rabe) celebr\u00f3 una conferencia de prensa en la sede del Club de Oficiales de Damasco, en la que brind\u00f3 informaci\u00f3n detallada sobre los logros del referido proyecto despu\u00e9s de cinco a\u00f1os su lanzamiento.<\/p>\n<p style=\"text-align: justify;\">El responsable de Operaciones del Proyecto, Rashad Ali, explic\u00f3 que desde el inicio del proyecto hasta la fecha se ofreci\u00f3 atenci\u00f3n m\u00e9dica al 94% de los militares heridos durante las operaciones militares.<\/p>\n<p style=\"text-align: justify;\">Se proporcion\u00f3, adem\u00e1s, atenci\u00f3n de pr\u00f3tesis al 90% de los amputados con el fin de mejorar su condici\u00f3n sensorial y f\u00edsica, agreg\u00f3.<\/p>\n<p style=\"text-align: justify;\">Indic\u00f3 que el 88% de los heridos recibieron asistencia m\u00e9dica, mientras el 84% de los heridos que necesitaron sesiones de rehabilitaci\u00f3n de habla y lenguaje recibieron tratamiento.<\/p>\n<p style=\"text-align: justify;\">Ali precis\u00f3 que con el fin de mejorar la salud, la condici\u00f3n f\u00edsica y psicol\u00f3gica de los heridos, se realiz\u00f3 el Campeonato Deportivo de Heridos de la Patria en agosto pasado, con la participaci\u00f3n de 92 discapacitados en un esfuerzo para impulsar su formaci\u00f3n y profesionalidad.<\/p>\n<p style=\"text-align: justify;\">Asimismo, el proyecto sigue trabajando para lograr la independencia econ\u00f3mica de los heridos, al patrocinar proyectos econ\u00f3micos para 1.500 heridos, y a\u00f1adi\u00f3 que el 34% del total de militares heridos discapacitados est\u00e1n completando su educaci\u00f3n, incluso algunos est\u00e1n cursando estudios de posgrado.<\/p>\n<div id='gallery-1' class='gallery galleryid-196757 gallery-columns-1 gallery-size-full'><figure class='gallery-item'>\n\t\t\t<div class='gallery-icon landscape'>\n\t\t\t\t<a href='https:\/\/archive.sana.sy\/es\/wp-content\/uploads\/2021\/09\/WAS4041-scaled.jpg'><img loading=\"lazy\" decoding=\"async\" width=\"2560\" height=\"1535\" src=\"https:\/\/archive.sana.sy\/es\/wp-content\/uploads\/2021\/09\/WAS4041-scaled.jpg\" class=\"attachment-full size-full\" alt=\"\" srcset=\"https:\/\/archive.sana.sy\/es\/wp-content\/uploads\/2021\/09\/WAS4041-scaled.jpg 2560w, https:\/\/archive.sana.sy\/es\/wp-content\/uploads\/2021\/09\/WAS4041-300x180.jpg 300w, https:\/\/archive.sana.sy\/es\/wp-content\/uploads\/2021\/09\/WAS4041-1024x614.jpg 1024w, https:\/\/archive.sana.sy\/es\/wp-content\/uploads\/2021\/09\/WAS4041-150x90.jpg 150w, https:\/\/archive.sana.sy\/es\/wp-content\/uploads\/2021\/09\/WAS4041-768x460.jpg 768w, https:\/\/archive.sana.sy\/es\/wp-content\/uploads\/2021\/09\/WAS4041-1536x921.jpg 1536w, https:\/\/archive.sana.sy\/es\/wp-content\/uploads\/2021\/09\/WAS4041-2048x1228.jpg 2048w\" sizes=\"(max-width: 2560px) 100vw, 2560px\" \/><\/a>\n\t\t\t<\/div><\/figure><figure class='gallery-item'>\n\t\t\t<div class='gallery-icon landscape'>\n\t\t\t\t<a href='https:\/\/archive.sana.sy\/es\/wp-content\/uploads\/2021\/09\/WAS4157-scaled.jpg'><img loading=\"lazy\" decoding=\"async\" width=\"2560\" height=\"1561\" src=\"https:\/\/archive.sana.sy\/es\/wp-content\/uploads\/2021\/09\/WAS4157-scaled.jpg\" class=\"attachment-full size-full\" alt=\"\" srcset=\"https:\/\/archive.sana.sy\/es\/wp-content\/uploads\/2021\/09\/WAS4157-scaled.jpg 2560w, https:\/\/archive.sana.sy\/es\/wp-content\/uploads\/2021\/09\/WAS4157-300x183.jpg 300w, https:\/\/archive.sana.sy\/es\/wp-content\/uploads\/2021\/09\/WAS4157-1024x624.jpg 1024w, https:\/\/archive.sana.sy\/es\/wp-content\/uploads\/2021\/09\/WAS4157-150x91.jpg 150w, https:\/\/archive.sana.sy\/es\/wp-content\/uploads\/2021\/09\/WAS4157-768x468.jpg 768w, https:\/\/archive.sana.sy\/es\/wp-content\/uploads\/2021\/09\/WAS4157-1536x936.jpg 1536w, https:\/\/archive.sana.sy\/es\/wp-content\/uploads\/2021\/09\/WAS4157-2048x1249.jpg 2048w\" sizes=\"(max-width: 2560px) 100vw, 2560px\" \/><\/a>\n\t\t\t<\/div><\/figure><figure class='gallery-item'>\n\t\t\t<div class='gallery-icon landscape'>\n\t\t\t\t<a href='https:\/\/archive.sana.sy\/es\/wp-content\/uploads\/2021\/09\/WAS4174-scaled.jpg'><img loading=\"lazy\" decoding=\"async\" width=\"2560\" height=\"1549\" src=\"https:\/\/archive.sana.sy\/es\/wp-content\/uploads\/2021\/09\/WAS4174-scaled.jpg\" class=\"attachment-full size-full\" alt=\"\" srcset=\"https:\/\/archive.sana.sy\/es\/wp-content\/uploads\/2021\/09\/WAS4174-scaled.jpg 2560w, https:\/\/archive.sana.sy\/es\/wp-content\/uploads\/2021\/09\/WAS4174-300x182.jpg 300w, https:\/\/archive.sana.sy\/es\/wp-content\/uploads\/2021\/09\/WAS4174-1024x620.jpg 1024w, https:\/\/archive.sana.sy\/es\/wp-content\/uploads\/2021\/09\/WAS4174-150x91.jpg 150w, https:\/\/archive.sana.sy\/es\/wp-content\/uploads\/2021\/09\/WAS4174-768x465.jpg 768w, https:\/\/archive.sana.sy\/es\/wp-content\/uploads\/2021\/09\/WAS4174-1536x929.jpg 1536w, https:\/\/archive.sana.sy\/es\/wp-content\/uploads\/2021\/09\/WAS4174-2048x1239.jpg 2048w\" sizes=\"(max-width: 2560px) 100vw, 2560px\" \/><\/a>\n\t\t\t<\/div><\/figure><figure class='gallery-item'>\n\t\t\t<div class='gallery-icon landscape'>\n\t\t\t\t<a href='https:\/\/archive.sana.sy\/es\/wp-content\/uploads\/2021\/09\/WAS4257-scaled.jpg'><img loading=\"lazy\" decoding=\"async\" width=\"2560\" height=\"1566\" src=\"https:\/\/archive.sana.sy\/es\/wp-content\/uploads\/2021\/09\/WAS4257-scaled.jpg\" class=\"attachment-full size-full\" alt=\"\" srcset=\"https:\/\/archive.sana.sy\/es\/wp-content\/uploads\/2021\/09\/WAS4257-scaled.jpg 2560w, https:\/\/archive.sana.sy\/es\/wp-content\/uploads\/2021\/09\/WAS4257-300x183.jpg 300w, https:\/\/archive.sana.sy\/es\/wp-content\/uploads\/2021\/09\/WAS4257-1024x626.jpg 1024w, https:\/\/archive.sana.sy\/es\/wp-content\/uploads\/2021\/09\/WAS4257-150x92.jpg 150w, https:\/\/archive.sana.sy\/es\/wp-content\/uploads\/2021\/09\/WAS4257-768x470.jpg 768w, https:\/\/archive.sana.sy\/es\/wp-content\/uploads\/2021\/09\/WAS4257-1536x939.jpg 1536w, https:\/\/archive.sana.sy\/es\/wp-content\/uploads\/2021\/09\/WAS4257-2048x1253.jpg 2048w\" sizes=\"(max-width: 2560px) 100vw, 2560px\" \/><\/a>\n\t\t\t<\/div><\/figure>\n\t\t<\/div>\n\n<p style=\"text-align: justify;\"><span style=\"color: #0000ff;\"><strong>fm<\/strong><\/span><\/p>\n","protected":false},"excerpt":{"rendered":"<p>Damasco, SANA El Comit\u00e9 Conjunto del proyecto &#8220;Herido de Patria\u201d (Jarih Al-Watan, en \u00e1rabe) celebr\u00f3 una conferencia de prensa en la sede del Club de Oficiales de Damasco, en la que brind\u00f3 informaci\u00f3n detallada sobre los logros del referido proyecto despu\u00e9s de cinco a\u00f1os su lanzamiento. El responsable de Operaciones del Proyecto, Rashad Ali, explic\u00f3 &hellip;<\/p>\n","protected":false},"author":34,"featured_media":196758,"comment_status":"closed","ping_status":"closed","sticky":false,"template":"","format":"standard","meta":{"footnotes":""},"categories":[447,477,597,476,457,7541],"tags":[],"class_list":["post-196757","post","type-post","status-publish","format-standard","has-post-thumbnail","","category-local-politica","category-noticias-edulcorantes","category-cinta-de-noticias","category-locales","category-noticias-arabe-internacional-politica","category-ultimas-noticias"],"_links":{"self":[{"href":"https:\/\/archive.sana.sy\/es\/index.php?rest_route=\/wp\/v2\/posts\/196757"}],"collection":[{"href":"https:\/\/archive.sana.sy\/es\/index.php?rest_route=\/wp\/v2\/posts"}],"about":[{"href":"https:\/\/archive.sana.sy\/es\/index.php?rest_route=\/wp\/v2\/types\/post"}],"author":[{"embeddable":true,"href":"https:\/\/archive.sana.sy\/es\/index.php?rest_route=\/wp\/v2\/users\/34"}],"replies":[{"embeddable":true,"href":"https:\/\/archive.sana.sy\/es\/index.php?rest_route=%2Fwp%2Fv2%2Fcomments&post=196757"}],"version-history":[{"count":0,"href":"https:\/\/archive.sana.sy\/es\/index.php?rest_route=\/wp\/v2\/posts\/196757\/revisions"}],"wp:featuredmedia":[{"embeddable":true,"href":"https:\/\/archive.sana.sy\/es\/index.php?rest_route=\/wp\/v2\/media\/196758"}],"wp:attachment":[{"href":"https:\/\/archive.sana.sy\/es\/index.php?rest_route=%2Fwp%2Fv2%2Fmedia&parent=196757"}],"wp:term":[{"taxonomy":"category","embeddable":true,"href":"https:\/\/archive.sana.sy\/es\/index.php?rest_route=%2Fwp%2Fv2%2Fcategories&post=196757"},{"taxonomy":"post_tag","embeddable":true,"href":"https:\/\/archive.sana.sy\/es\/index.php?rest_route=%2Fwp%2Fv2%2Ftags&post=196757"}],"curies":[{"name":"wp","href":"https:\/\/api.w.org\/{rel}","templated":true}]}}