{"id":196779,"date":"2021-09-11T20:15:37","date_gmt":"2021-09-11T17:15:37","guid":{"rendered":"http:\/\/107.6.182.27\/es\/?p=196779"},"modified":"2021-09-11T20:52:59","modified_gmt":"2021-09-11T17:52:59","slug":"estallido-de-bomba-de-racimo-remanente-de-terroristas-mata-a-una-nina-en-el-este-de-hama","status":"publish","type":"post","link":"https:\/\/archive.sana.sy\/es\/?p=196779","title":{"rendered":"Estallido de bomba de racimo remanente de terroristas mata a una ni\u00f1a en el este de Hama"},"content":{"rendered":"<p><span style=\"color: #800000;\">Hama, SANA<\/span><\/p>\n<p style=\"text-align: justify;\">Una ni\u00f1a perdi\u00f3 la vida por una bomba remanente de los terroristas de Daesh en el sureste del municipio de Salamieh, en el este de la provincia central de Hama.<\/p>\n<p style=\"text-align: justify;\">El corresponsal de SANA inform\u00f3 que la ni\u00f1a, de 10 a\u00f1os de edad, muri\u00f3 por la explosi\u00f3n de una bomba de racimo en el pueblo de Abu Al-Fashafish, en el mencionado municipio.<\/p>\n<p style=\"text-align: justify;\">Osama Melhem, director del hospital de Salamieh, donde la ni\u00f1a fue ingresada, comunic\u00f3 a SANA que la v\u00edctima falleci\u00f3 a consecuencia de sus graves heridas.<\/p>\n<p style=\"text-align: justify;\">El mes pasado, un ni\u00f1o perdi\u00f3 la vida por estallido de una mina terrorista en el norte de Salamieh.<\/p>\n<p><span style=\"color: #0000ff;\">rr\/fm<\/span><\/p>\n","protected":false},"excerpt":{"rendered":"<p>Hama, SANA Una ni\u00f1a perdi\u00f3 la vida por una bomba remanente de los terroristas de Daesh en el sureste del municipio de Salamieh, en el este de la provincia central de Hama. El corresponsal de SANA inform\u00f3 que la ni\u00f1a, de 10 a\u00f1os de edad, muri\u00f3 por la explosi\u00f3n de una bomba de racimo en &hellip;<\/p>\n","protected":false},"author":31,"featured_media":196780,"comment_status":"closed","ping_status":"closed","sticky":false,"template":"","format":"standard","meta":{"footnotes":""},"categories":[597,573,7541],"tags":[],"class_list":["post-196779","post","type-post","status-publish","format-standard","has-post-thumbnail","","category-cinta-de-noticias","category-la-realidad-de-los-acontecimientos-en-siria","category-ultimas-noticias"],"_links":{"self":[{"href":"https:\/\/archive.sana.sy\/es\/index.php?rest_route=\/wp\/v2\/posts\/196779"}],"collection":[{"href":"https:\/\/archive.sana.sy\/es\/index.php?rest_route=\/wp\/v2\/posts"}],"about":[{"href":"https:\/\/archive.sana.sy\/es\/index.php?rest_route=\/wp\/v2\/types\/post"}],"author":[{"embeddable":true,"href":"https:\/\/archive.sana.sy\/es\/index.php?rest_route=\/wp\/v2\/users\/31"}],"replies":[{"embeddable":true,"href":"https:\/\/archive.sana.sy\/es\/index.php?rest_route=%2Fwp%2Fv2%2Fcomments&post=196779"}],"version-history":[{"count":0,"href":"https:\/\/archive.sana.sy\/es\/index.php?rest_route=\/wp\/v2\/posts\/196779\/revisions"}],"wp:featuredmedia":[{"embeddable":true,"href":"https:\/\/archive.sana.sy\/es\/index.php?rest_route=\/wp\/v2\/media\/196780"}],"wp:attachment":[{"href":"https:\/\/archive.sana.sy\/es\/index.php?rest_route=%2Fwp%2Fv2%2Fmedia&parent=196779"}],"wp:term":[{"taxonomy":"category","embeddable":true,"href":"https:\/\/archive.sana.sy\/es\/index.php?rest_route=%2Fwp%2Fv2%2Fcategories&post=196779"},{"taxonomy":"post_tag","embeddable":true,"href":"https:\/\/archive.sana.sy\/es\/index.php?rest_route=%2Fwp%2Fv2%2Ftags&post=196779"}],"curies":[{"name":"wp","href":"https:\/\/api.w.org\/{rel}","templated":true}]}}