{"id":196798,"date":"2021-09-11T22:18:12","date_gmt":"2021-09-11T19:18:12","guid":{"rendered":"http:\/\/107.6.182.27\/es\/?p=196798"},"modified":"2023-01-10T14:26:23","modified_gmt":"2023-01-10T12:26:23","slug":"lavrov-espera-reanudar-la-labor-del-comite-de-debate-de-la-constitucion-en-siria","status":"publish","type":"post","link":"https:\/\/archive.sana.sy\/es\/?p=196798","title":{"rendered":"Lavrov espera reanudar la labor del Comit\u00e9 de Debate de la Constituci\u00f3n en Siria"},"content":{"rendered":"<p style=\"text-align: justify;\"><span style=\"color: #800000;\"><strong>Mosc\u00fa, SANA<\/strong><\/span><\/p>\n<p style=\"text-align: justify;\">El ministro de Exteriores de Rusia, Sergei Lavrov, expres\u00f3 la esperanza de su pa\u00eds de que el Comit\u00e9 de Debate Constitucional reanude sus reuniones lo antes posible.<\/p>\n<p style=\"text-align: justify;\">\u201cHemos informado a los socios sobre nuestro trabajo, ya sea a nivel bilateral con Damasco o en el marco de la f\u00f3rmula de Astan\u00e1 con la participaci\u00f3n de Turqu\u00eda e Ir\u00e1n, as\u00ed como en la plataforma de Ginebra; y esperamos que la labor del Comit\u00e9 Constitucional se reanude lo antes posible con la participaci\u00f3n de las delegaciones del Gobierno y de la oposici\u00f3n\u201d, dijo Lavrov durante una conferencia de prensa en Mosc\u00fa.<\/p>\n<p style=\"text-align: justify;\">Indic\u00f3 que la parte rusa &#8220;enfatiz\u00f3 la necesidad de brindar ayuda humanitaria a los sirios y apoyarles en la reconstrucci\u00f3n de la infraestructura destruida lejos de la politizaci\u00f3n&#8221;.<\/p>\n<p style=\"text-align: justify;\"><span style=\"color: #0000ff;\"><strong>fm<\/strong><\/span><\/p>\n","protected":false},"excerpt":{"rendered":"<p>Mosc\u00fa, SANA El ministro de Exteriores de Rusia, Sergei Lavrov, expres\u00f3 la esperanza de su pa\u00eds de que el Comit\u00e9 de Debate Constitucional reanude sus reuniones lo antes posible. \u201cHemos informado a los socios sobre nuestro trabajo, ya sea a nivel bilateral con Damasco o en el marco de la f\u00f3rmula de Astan\u00e1 con la &hellip;<\/p>\n","protected":false},"author":34,"featured_media":196799,"comment_status":"closed","ping_status":"closed","sticky":false,"template":"","format":"standard","meta":{"footnotes":""},"categories":[447,597,467,7541],"tags":[],"class_list":["post-196798","post","type-post","status-publish","format-standard","has-post-thumbnail","","category-local-politica","category-cinta-de-noticias","category-siria-y-el-mundo","category-ultimas-noticias"],"_links":{"self":[{"href":"https:\/\/archive.sana.sy\/es\/index.php?rest_route=\/wp\/v2\/posts\/196798"}],"collection":[{"href":"https:\/\/archive.sana.sy\/es\/index.php?rest_route=\/wp\/v2\/posts"}],"about":[{"href":"https:\/\/archive.sana.sy\/es\/index.php?rest_route=\/wp\/v2\/types\/post"}],"author":[{"embeddable":true,"href":"https:\/\/archive.sana.sy\/es\/index.php?rest_route=\/wp\/v2\/users\/34"}],"replies":[{"embeddable":true,"href":"https:\/\/archive.sana.sy\/es\/index.php?rest_route=%2Fwp%2Fv2%2Fcomments&post=196798"}],"version-history":[{"count":0,"href":"https:\/\/archive.sana.sy\/es\/index.php?rest_route=\/wp\/v2\/posts\/196798\/revisions"}],"wp:featuredmedia":[{"embeddable":true,"href":"https:\/\/archive.sana.sy\/es\/index.php?rest_route=\/wp\/v2\/media\/196799"}],"wp:attachment":[{"href":"https:\/\/archive.sana.sy\/es\/index.php?rest_route=%2Fwp%2Fv2%2Fmedia&parent=196798"}],"wp:term":[{"taxonomy":"category","embeddable":true,"href":"https:\/\/archive.sana.sy\/es\/index.php?rest_route=%2Fwp%2Fv2%2Fcategories&post=196798"},{"taxonomy":"post_tag","embeddable":true,"href":"https:\/\/archive.sana.sy\/es\/index.php?rest_route=%2Fwp%2Fv2%2Ftags&post=196798"}],"curies":[{"name":"wp","href":"https:\/\/api.w.org\/{rel}","templated":true}]}}