{"id":196878,"date":"2021-09-12T16:57:06","date_gmt":"2021-09-12T13:57:06","guid":{"rendered":"http:\/\/107.6.182.27\/es\/?p=196878"},"modified":"2021-09-12T21:39:56","modified_gmt":"2021-09-12T18:39:56","slug":"inauguran-nuevo-centro-de-vacunacion-contra-el-coronavirus-en-sweida","status":"publish","type":"post","link":"https:\/\/archive.sana.sy\/es\/?p=196878","title":{"rendered":"Nuevo centro de vacunaci\u00f3n anti-Covdid-19 en Sweida"},"content":{"rendered":"<p style=\"text-align: justify;\"><span style=\"color: #800000;\"><strong>Sweida, SANA<\/strong><\/span><\/p>\n<p style=\"text-align: justify;\">La Direcci\u00f3n de Salud en la provincia de Sweida estableci\u00f3 un nuevo centro de vacunaci\u00f3n contra el nuevo Coronavirus al cual comenzaron a concurrir los ciudadanos para vacunarse.<\/p>\n<p style=\"text-align: justify;\">Seg\u00fan Nahda Nasr, jefa del Departamento de Programas de Salud P\u00fablica de la Direcci\u00f3n de Salud, el centro es el quinto en Sweida y fue creado para ampliar la vacunaci\u00f3n a los ciudadanos.<\/p>\n<p style=\"text-align: justify;\">Nasr destac\u00f3 la buena concurrencia a la vacunaci\u00f3n, donde un promedio de 250 a 300 personas de diferentes edades recibe la vacuna diariamente, mientras que el n\u00famero total de inmunizados durante la semana pasada lleg\u00f3 a unas 1.100 personas.<\/p>\n<p style=\"text-align: justify;\">El Ministerio de Salud lanz\u00f3 el pasado d\u00eda 5 de este mes, la campa\u00f1a nacional de vacunaci\u00f3n contra el nuevo Coronavirus que continuar\u00e1 hasta el d\u00eda 16 de este mes y abarca a todos los ciudadanos mayores de 18 a\u00f1os en todas las provincias.<\/p>\n<p style=\"text-align: justify;\"><span style=\"color: #0000ff;\"><strong>ah\/rsh\/fm<\/strong><\/span><\/p>\n","protected":false},"excerpt":{"rendered":"<p>Sweida, SANA La Direcci\u00f3n de Salud en la provincia de Sweida estableci\u00f3 un nuevo centro de vacunaci\u00f3n contra el nuevo Coronavirus al cual comenzaron a concurrir los ciudadanos para vacunarse. Seg\u00fan Nahda Nasr, jefa del Departamento de Programas de Salud P\u00fablica de la Direcci\u00f3n de Salud, el centro es el quinto en Sweida y fue &hellip;<\/p>\n","protected":false},"author":30,"featured_media":196879,"comment_status":"closed","ping_status":"closed","sticky":false,"template":"","format":"standard","meta":{"footnotes":""},"categories":[597,476,7541],"tags":[19482],"class_list":["post-196878","post","type-post","status-publish","format-standard","has-post-thumbnail","","category-cinta-de-noticias","category-locales","category-ultimas-noticias","tag-inauguran-nuevo-centro-de-vacunacion-contra-el-coronavirus-en-sweida"],"_links":{"self":[{"href":"https:\/\/archive.sana.sy\/es\/index.php?rest_route=\/wp\/v2\/posts\/196878"}],"collection":[{"href":"https:\/\/archive.sana.sy\/es\/index.php?rest_route=\/wp\/v2\/posts"}],"about":[{"href":"https:\/\/archive.sana.sy\/es\/index.php?rest_route=\/wp\/v2\/types\/post"}],"author":[{"embeddable":true,"href":"https:\/\/archive.sana.sy\/es\/index.php?rest_route=\/wp\/v2\/users\/30"}],"replies":[{"embeddable":true,"href":"https:\/\/archive.sana.sy\/es\/index.php?rest_route=%2Fwp%2Fv2%2Fcomments&post=196878"}],"version-history":[{"count":0,"href":"https:\/\/archive.sana.sy\/es\/index.php?rest_route=\/wp\/v2\/posts\/196878\/revisions"}],"wp:featuredmedia":[{"embeddable":true,"href":"https:\/\/archive.sana.sy\/es\/index.php?rest_route=\/wp\/v2\/media\/196879"}],"wp:attachment":[{"href":"https:\/\/archive.sana.sy\/es\/index.php?rest_route=%2Fwp%2Fv2%2Fmedia&parent=196878"}],"wp:term":[{"taxonomy":"category","embeddable":true,"href":"https:\/\/archive.sana.sy\/es\/index.php?rest_route=%2Fwp%2Fv2%2Fcategories&post=196878"},{"taxonomy":"post_tag","embeddable":true,"href":"https:\/\/archive.sana.sy\/es\/index.php?rest_route=%2Fwp%2Fv2%2Ftags&post=196878"}],"curies":[{"name":"wp","href":"https:\/\/api.w.org\/{rel}","templated":true}]}}