{"id":196884,"date":"2021-09-12T17:53:06","date_gmt":"2021-09-12T14:53:06","guid":{"rendered":"http:\/\/107.6.182.27\/es\/?p=196884"},"modified":"2021-09-12T21:47:32","modified_gmt":"2021-09-12T18:47:32","slug":"varios-civiles-resultan-heridos-por-disparos-de-la-milicia-fds-contra-una-manifestacion-en-deir-ezzor","status":"publish","type":"post","link":"https:\/\/archive.sana.sy\/es\/?p=196884","title":{"rendered":"Civiles heridos por represi\u00f3n de la milicia FDS a una manifestaci\u00f3n en Deir Ezzor"},"content":{"rendered":"<p style=\"text-align: justify;\"><span style=\"color: #800000;\"><strong>Deir Ezzor, SANA<\/strong><\/span><\/p>\n<p style=\"text-align: justify;\">Varios civiles resultaron heridos por disparos de la milicia separatista Fuerzas Democr\u00e1ticas Sirias (FDS), respaldada por EE.UU., durante una manifestaci\u00f3n en la localidad de al-Sabha en la campi\u00f1a este de Deir Ezzor.<\/p>\n<p style=\"text-align: justify;\">Seg\u00fan informaron activistas locales a nuestro corresponsal, \u201clos lugare\u00f1os de al-Sabha salieron en una manifestaci\u00f3n para protestar contra las pr\u00e1cticas represivas de la milicia FDS y su robo de las riquezas de la regi\u00f3n que son derecho de los ciudadanos\u201d.<\/p>\n<p style=\"text-align: justify;\">Asimismo, los civiles salieron para expresar su indignaci\u00f3n por la situaci\u00f3n de inseguridad en las \u00e1reas bajo control de esa milicia mercenaria de Washington.<\/p>\n<p style=\"text-align: justify;\">Los activistas se\u00f1alaron que la milicia FDS trat\u00f3 de dispersar a los manifestantes disparando balas reales, lo que caus\u00f3 lesiones a varios lugare\u00f1os.<\/p>\n<p style=\"text-align: justify;\">En los \u00faltimos meses, los residentes de las provincias de Deir Ezzor y Hasakeh protagonizaron manifestaciones en denuncia a las pr\u00e1cticas de la milicia FDS.<\/p>\n<p style=\"text-align: justify;\"><strong><span style=\"color: #0000ff;\">ah\/rsh\/fm<\/span><\/strong><\/p>\n<p style=\"text-align: justify;\">\n","protected":false},"excerpt":{"rendered":"<p>Deir Ezzor, SANA Varios civiles resultaron heridos por disparos de la milicia separatista Fuerzas Democr\u00e1ticas Sirias (FDS), respaldada por EE.UU., durante una manifestaci\u00f3n en la localidad de al-Sabha en la campi\u00f1a este de Deir Ezzor. Seg\u00fan informaron activistas locales a nuestro corresponsal, \u201clos lugare\u00f1os de al-Sabha salieron en una manifestaci\u00f3n para protestar contra las pr\u00e1cticas &hellip;<\/p>\n","protected":false},"author":30,"featured_media":176653,"comment_status":"closed","ping_status":"closed","sticky":false,"template":"","format":"standard","meta":{"footnotes":""},"categories":[477,597,573,7541],"tags":[19491],"class_list":["post-196884","post","type-post","status-publish","format-standard","has-post-thumbnail","","category-noticias-edulcorantes","category-cinta-de-noticias","category-la-realidad-de-los-acontecimientos-en-siria","category-ultimas-noticias","tag-civiles-heridos-por-represion-de-la-milicia-fds-a-una-manifestacion-en-deir-ezzor"],"_links":{"self":[{"href":"https:\/\/archive.sana.sy\/es\/index.php?rest_route=\/wp\/v2\/posts\/196884"}],"collection":[{"href":"https:\/\/archive.sana.sy\/es\/index.php?rest_route=\/wp\/v2\/posts"}],"about":[{"href":"https:\/\/archive.sana.sy\/es\/index.php?rest_route=\/wp\/v2\/types\/post"}],"author":[{"embeddable":true,"href":"https:\/\/archive.sana.sy\/es\/index.php?rest_route=\/wp\/v2\/users\/30"}],"replies":[{"embeddable":true,"href":"https:\/\/archive.sana.sy\/es\/index.php?rest_route=%2Fwp%2Fv2%2Fcomments&post=196884"}],"version-history":[{"count":0,"href":"https:\/\/archive.sana.sy\/es\/index.php?rest_route=\/wp\/v2\/posts\/196884\/revisions"}],"wp:featuredmedia":[{"embeddable":true,"href":"https:\/\/archive.sana.sy\/es\/index.php?rest_route=\/wp\/v2\/media\/176653"}],"wp:attachment":[{"href":"https:\/\/archive.sana.sy\/es\/index.php?rest_route=%2Fwp%2Fv2%2Fmedia&parent=196884"}],"wp:term":[{"taxonomy":"category","embeddable":true,"href":"https:\/\/archive.sana.sy\/es\/index.php?rest_route=%2Fwp%2Fv2%2Fcategories&post=196884"},{"taxonomy":"post_tag","embeddable":true,"href":"https:\/\/archive.sana.sy\/es\/index.php?rest_route=%2Fwp%2Fv2%2Ftags&post=196884"}],"curies":[{"name":"wp","href":"https:\/\/api.w.org\/{rel}","templated":true}]}}