{"id":196886,"date":"2021-09-12T17:57:18","date_gmt":"2021-09-12T14:57:18","guid":{"rendered":"http:\/\/107.6.182.27\/es\/?p=196886"},"modified":"2021-09-12T21:52:03","modified_gmt":"2021-09-12T18:52:03","slug":"un-civil-pierde-la-vida-por-explosion-de-mina-remanente-del-daesh-en-salamieh-hama","status":"publish","type":"post","link":"https:\/\/archive.sana.sy\/es\/?p=196886","title":{"rendered":"Un civil pierde la vida por explosi\u00f3n de mina remanente del Daesh en Salamieh, Hama"},"content":{"rendered":"<p style=\"text-align: justify;\"><span style=\"color: #800000;\"><strong>Hama, SANA<\/strong><\/span><\/p>\n<p style=\"text-align: justify;\">Un joven perdi\u00f3 la vida por explosi\u00f3n de una mina remanente de la organizaci\u00f3n terrorista Daesh en el poblado de Saboura en el municipio de Salamieh, al este de la provincia de Hama.<\/p>\n<p style=\"text-align: justify;\">El Comando de Polic\u00eda de Hama inform\u00f3 a SANA que un joven de 17 a\u00f1os perdi\u00f3 la vida al explotarse la mina en las tierras agr\u00edcolas del referido poblado.<\/p>\n<p style=\"text-align: justify;\">Las organizaciones armadas colocaron minas y artefactos explosivos en las tierras agr\u00edcolas, viviendas, calles y carreteras con el objetivo de causar el mayor da\u00f1o posible a los desplazados que regresaran a las zonas liberadas.<\/p>\n<p style=\"text-align: justify;\"><span style=\"color: #0000ff;\"><strong>ah\/rsh\/fm<\/strong><\/span><\/p>\n","protected":false},"excerpt":{"rendered":"<p>Hama, SANA Un joven perdi\u00f3 la vida por explosi\u00f3n de una mina remanente de la organizaci\u00f3n terrorista Daesh en el poblado de Saboura en el municipio de Salamieh, al este de la provincia de Hama. El Comando de Polic\u00eda de Hama inform\u00f3 a SANA que un joven de 17 a\u00f1os perdi\u00f3 la vida al explotarse &hellip;<\/p>\n","protected":false},"author":30,"featured_media":196887,"comment_status":"closed","ping_status":"closed","sticky":false,"template":"","format":"standard","meta":{"footnotes":""},"categories":[477,597,573,7541],"tags":[19492],"class_list":["post-196886","post","type-post","status-publish","format-standard","has-post-thumbnail","","category-noticias-edulcorantes","category-cinta-de-noticias","category-la-realidad-de-los-acontecimientos-en-siria","category-ultimas-noticias","tag-un-civil-pierde-la-vida-por-explosion-de-mina-remanente-del-daesh-en-salamieh-hama"],"_links":{"self":[{"href":"https:\/\/archive.sana.sy\/es\/index.php?rest_route=\/wp\/v2\/posts\/196886"}],"collection":[{"href":"https:\/\/archive.sana.sy\/es\/index.php?rest_route=\/wp\/v2\/posts"}],"about":[{"href":"https:\/\/archive.sana.sy\/es\/index.php?rest_route=\/wp\/v2\/types\/post"}],"author":[{"embeddable":true,"href":"https:\/\/archive.sana.sy\/es\/index.php?rest_route=\/wp\/v2\/users\/30"}],"replies":[{"embeddable":true,"href":"https:\/\/archive.sana.sy\/es\/index.php?rest_route=%2Fwp%2Fv2%2Fcomments&post=196886"}],"version-history":[{"count":0,"href":"https:\/\/archive.sana.sy\/es\/index.php?rest_route=\/wp\/v2\/posts\/196886\/revisions"}],"wp:featuredmedia":[{"embeddable":true,"href":"https:\/\/archive.sana.sy\/es\/index.php?rest_route=\/wp\/v2\/media\/196887"}],"wp:attachment":[{"href":"https:\/\/archive.sana.sy\/es\/index.php?rest_route=%2Fwp%2Fv2%2Fmedia&parent=196886"}],"wp:term":[{"taxonomy":"category","embeddable":true,"href":"https:\/\/archive.sana.sy\/es\/index.php?rest_route=%2Fwp%2Fv2%2Fcategories&post=196886"},{"taxonomy":"post_tag","embeddable":true,"href":"https:\/\/archive.sana.sy\/es\/index.php?rest_route=%2Fwp%2Fv2%2Ftags&post=196886"}],"curies":[{"name":"wp","href":"https:\/\/api.w.org\/{rel}","templated":true}]}}