{"id":196907,"date":"2021-09-12T19:59:13","date_gmt":"2021-09-12T16:59:13","guid":{"rendered":"http:\/\/107.6.182.27\/es\/?p=196907"},"modified":"2021-09-12T19:59:13","modified_gmt":"2021-09-12T16:59:13","slug":"las-panaderias-de-daraa-al-balad-y-tichreen-retoman-su-labor","status":"publish","type":"post","link":"https:\/\/archive.sana.sy\/es\/?p=196907","title":{"rendered":"Las panader\u00edas de Daraa al-Balad y Tichreen retoman su labor"},"content":{"rendered":"<p style=\"text-align: justify;\"><span style=\"color: #800000;\"><strong>Daraa, SANA<\/strong><\/span><\/p>\n<p style=\"text-align: justify;\">Las panader\u00edas de Daraa al-Balad y Tichreen reanudaron su trabajo ya que recibieron suministros de harina, levadura y combustible.<\/p>\n<p style=\"text-align: justify;\">El director de la sucursal del Establecimiento Sirio de Panader\u00edas, Ing. Farid al-Swedan, dijo en una declaraci\u00f3n que con el retorno de la seguridad y estabilidad a los barrios de Daraa al-Balad, Tariq al-Sad y los campos en marco del Acuerdo de Arreglo planteado por el estado, las dos panader\u00edas comenzaron a ofrecer pan a los ciudadanos con cantidades suficientes y buena calidad.<\/p>\n<p style=\"text-align: justify;\">Agreg\u00f3 que la capacidad productiva de las dos panader\u00edas llega a 13200 de harina diariamente, se\u00f1alando que Gobernaci\u00f3n elev\u00f3 las asignaciones de la panader\u00eda de Daraa al-Balad en 1,5 toneladas para cubrir la demanda.<\/p>\n<p style=\"text-align: justify;\">Ambas panader\u00edas estuvieron paralizadas durante dos meses.<\/p>\n<p style=\"text-align: justify;\"><span style=\"color: #0000ff;\"><strong>rsh\/ah<\/strong><\/span><\/p>\n","protected":false},"excerpt":{"rendered":"<p>Daraa, SANA Las panader\u00edas de Daraa al-Balad y Tichreen reanudaron su trabajo ya que recibieron suministros de harina, levadura y combustible. El director de la sucursal del Establecimiento Sirio de Panader\u00edas, Ing. Farid al-Swedan, dijo en una declaraci\u00f3n que con el retorno de la seguridad y estabilidad a los barrios de Daraa al-Balad, Tariq al-Sad &hellip;<\/p>\n","protected":false},"author":30,"featured_media":196908,"comment_status":"closed","ping_status":"closed","sticky":false,"template":"","format":"standard","meta":{"footnotes":""},"categories":[597,476,7541],"tags":[19488],"class_list":["post-196907","post","type-post","status-publish","format-standard","has-post-thumbnail","","category-cinta-de-noticias","category-locales","category-ultimas-noticias","tag-las-panaderias-de-daraa-al-balad-y-tichreen-retoman-su-labor"],"_links":{"self":[{"href":"https:\/\/archive.sana.sy\/es\/index.php?rest_route=\/wp\/v2\/posts\/196907"}],"collection":[{"href":"https:\/\/archive.sana.sy\/es\/index.php?rest_route=\/wp\/v2\/posts"}],"about":[{"href":"https:\/\/archive.sana.sy\/es\/index.php?rest_route=\/wp\/v2\/types\/post"}],"author":[{"embeddable":true,"href":"https:\/\/archive.sana.sy\/es\/index.php?rest_route=\/wp\/v2\/users\/30"}],"replies":[{"embeddable":true,"href":"https:\/\/archive.sana.sy\/es\/index.php?rest_route=%2Fwp%2Fv2%2Fcomments&post=196907"}],"version-history":[{"count":0,"href":"https:\/\/archive.sana.sy\/es\/index.php?rest_route=\/wp\/v2\/posts\/196907\/revisions"}],"wp:featuredmedia":[{"embeddable":true,"href":"https:\/\/archive.sana.sy\/es\/index.php?rest_route=\/wp\/v2\/media\/196908"}],"wp:attachment":[{"href":"https:\/\/archive.sana.sy\/es\/index.php?rest_route=%2Fwp%2Fv2%2Fmedia&parent=196907"}],"wp:term":[{"taxonomy":"category","embeddable":true,"href":"https:\/\/archive.sana.sy\/es\/index.php?rest_route=%2Fwp%2Fv2%2Fcategories&post=196907"},{"taxonomy":"post_tag","embeddable":true,"href":"https:\/\/archive.sana.sy\/es\/index.php?rest_route=%2Fwp%2Fv2%2Ftags&post=196907"}],"curies":[{"name":"wp","href":"https:\/\/api.w.org\/{rel}","templated":true}]}}