{"id":196944,"date":"2021-09-13T10:11:13","date_gmt":"2021-09-13T07:11:13","guid":{"rendered":"http:\/\/107.6.182.27\/es\/?p=196944"},"modified":"2023-01-12T14:40:22","modified_gmt":"2023-01-12T12:40:22","slug":"aviones-del-ocupante-israeli-bombardean-la-franja-de-gaza-3","status":"publish","type":"post","link":"https:\/\/archive.sana.sy\/es\/?p=196944","title":{"rendered":"Aviones del ocupante israel\u00ed bombardean la Franja de Gaza"},"content":{"rendered":"<p style=\"text-align: justify;\"><strong><span style=\"color: #800000;\">Jerusal\u00e9n ocupada, SANA<\/span><\/strong><\/p>\n<p style=\"text-align: justify;\">Los aviones de guerra israel\u00edes lanzaron nuevos ataques a\u00e9reos esta madrugada del lunes, contra distintas \u00e1reas en la Franja de Gaza.<\/p>\n<p style=\"text-align: justify;\">De acuerdo con medios palestinos, los ataques a\u00e9reos con misiles apuntaron contra las ciudades en el sur y norte del Sector, provocando da\u00f1os significativos en las propiedades y la infraestructura de los palestinos.<\/p>\n<p style=\"text-align: justify;\">Israel ataca Gaza diariamente con artiller\u00eda y aviaci\u00f3n, causando la muerte y lesi\u00f3n de cientos de civiles.<\/p>\n<p style=\"text-align: justify;\"><span style=\"color: #0000ff;\"><strong>ws\/fm<\/strong><\/span><\/p>\n","protected":false},"excerpt":{"rendered":"<p>Jerusal\u00e9n ocupada, SANA Los aviones de guerra israel\u00edes lanzaron nuevos ataques a\u00e9reos esta madrugada del lunes, contra distintas \u00e1reas en la Franja de Gaza. De acuerdo con medios palestinos, los ataques a\u00e9reos con misiles apuntaron contra las ciudades en el sur y norte del Sector, provocando da\u00f1os significativos en las propiedades y la infraestructura de &hellip;<\/p>\n","protected":false},"author":35,"featured_media":196945,"comment_status":"closed","ping_status":"closed","sticky":false,"template":"","format":"standard","meta":{"footnotes":""},"categories":[597,456],"tags":[],"class_list":["post-196944","post","type-post","status-publish","format-standard","has-post-thumbnail","","category-cinta-de-noticias","category-arabe-internacional-politica"],"_links":{"self":[{"href":"https:\/\/archive.sana.sy\/es\/index.php?rest_route=\/wp\/v2\/posts\/196944"}],"collection":[{"href":"https:\/\/archive.sana.sy\/es\/index.php?rest_route=\/wp\/v2\/posts"}],"about":[{"href":"https:\/\/archive.sana.sy\/es\/index.php?rest_route=\/wp\/v2\/types\/post"}],"author":[{"embeddable":true,"href":"https:\/\/archive.sana.sy\/es\/index.php?rest_route=\/wp\/v2\/users\/35"}],"replies":[{"embeddable":true,"href":"https:\/\/archive.sana.sy\/es\/index.php?rest_route=%2Fwp%2Fv2%2Fcomments&post=196944"}],"version-history":[{"count":0,"href":"https:\/\/archive.sana.sy\/es\/index.php?rest_route=\/wp\/v2\/posts\/196944\/revisions"}],"wp:featuredmedia":[{"embeddable":true,"href":"https:\/\/archive.sana.sy\/es\/index.php?rest_route=\/wp\/v2\/media\/196945"}],"wp:attachment":[{"href":"https:\/\/archive.sana.sy\/es\/index.php?rest_route=%2Fwp%2Fv2%2Fmedia&parent=196944"}],"wp:term":[{"taxonomy":"category","embeddable":true,"href":"https:\/\/archive.sana.sy\/es\/index.php?rest_route=%2Fwp%2Fv2%2Fcategories&post=196944"},{"taxonomy":"post_tag","embeddable":true,"href":"https:\/\/archive.sana.sy\/es\/index.php?rest_route=%2Fwp%2Fv2%2Ftags&post=196944"}],"curies":[{"name":"wp","href":"https:\/\/api.w.org\/{rel}","templated":true}]}}