{"id":196947,"date":"2021-09-13T10:26:57","date_gmt":"2021-09-13T07:26:57","guid":{"rendered":"http:\/\/107.6.182.27\/es\/?p=196947"},"modified":"2021-09-13T12:10:57","modified_gmt":"2021-09-13T09:10:57","slug":"corresponsal-de-sana-el-ejercito-sirio-se-despliega-en-la-localidad-de-yadouda-al-noroeste-de-la-ciudad-de-deraa-donde-abrio-un-centro-de-reconciliacion-para-recibir-a-los-armados-y-buscados-que-qui","status":"publish","type":"post","link":"https:\/\/archive.sana.sy\/es\/?p=196947","title":{"rendered":"Corresponsal de SANA: El ej\u00e9rcito sirio se despliega en la localidad de Yadouda al noroeste de la ciudad de Deraa, donde abri\u00f3 un centro de reconciliaci\u00f3n para recibir a los armados y buscados que quieren entregar voluntariamente su armamento para luego normalizar su estatus  jur\u00eddico."},"content":{"rendered":"","protected":false},"excerpt":{"rendered":"","protected":false},"author":35,"featured_media":0,"comment_status":"closed","ping_status":"closed","sticky":false,"template":"","format":"standard","meta":{"footnotes":""},"categories":[1],"tags":[],"class_list":["post-196947","post","type-post","status-publish","format-standard","","category-news-not-sorted"],"_links":{"self":[{"href":"https:\/\/archive.sana.sy\/es\/index.php?rest_route=\/wp\/v2\/posts\/196947"}],"collection":[{"href":"https:\/\/archive.sana.sy\/es\/index.php?rest_route=\/wp\/v2\/posts"}],"about":[{"href":"https:\/\/archive.sana.sy\/es\/index.php?rest_route=\/wp\/v2\/types\/post"}],"author":[{"embeddable":true,"href":"https:\/\/archive.sana.sy\/es\/index.php?rest_route=\/wp\/v2\/users\/35"}],"replies":[{"embeddable":true,"href":"https:\/\/archive.sana.sy\/es\/index.php?rest_route=%2Fwp%2Fv2%2Fcomments&post=196947"}],"version-history":[{"count":0,"href":"https:\/\/archive.sana.sy\/es\/index.php?rest_route=\/wp\/v2\/posts\/196947\/revisions"}],"wp:attachment":[{"href":"https:\/\/archive.sana.sy\/es\/index.php?rest_route=%2Fwp%2Fv2%2Fmedia&parent=196947"}],"wp:term":[{"taxonomy":"category","embeddable":true,"href":"https:\/\/archive.sana.sy\/es\/index.php?rest_route=%2Fwp%2Fv2%2Fcategories&post=196947"},{"taxonomy":"post_tag","embeddable":true,"href":"https:\/\/archive.sana.sy\/es\/index.php?rest_route=%2Fwp%2Fv2%2Ftags&post=196947"}],"curies":[{"name":"wp","href":"https:\/\/api.w.org\/{rel}","templated":true}]}}