{"id":19697,"date":"2015-03-18T16:11:23","date_gmt":"2015-03-18T14:11:23","guid":{"rendered":"http:\/\/www.sana.sy\/es\/?p=19697"},"modified":"2015-03-18T16:11:23","modified_gmt":"2015-03-18T14:11:23","slug":"teheran-asegura-que-el-presidente-al-assad-es-una-parte-importante-de-la-solucion-politica","status":"publish","type":"post","link":"https:\/\/archive.sana.sy\/es\/?p=19697","title":{"rendered":"Teher\u00e1n asegura que el presidente al-Assad es una parte importante de la soluci\u00f3n pol\u00edtica"},"content":{"rendered":"<p>Teher\u00e1n, SANA<\/p>\n<p>El vicecanciller iran\u00ed para Asuntos \u00c1rabes y Africanos, Hossein Amir Abdul Allahaan, afirm\u00f3 que el presidente Bashar al-Assad es una parte importante de la soluci\u00f3n pol\u00edtica a la crisis en Siria y su papel no puede ser ignorado en el mantenimiento de la unidad nacional y la lucha contra el terrorismo.<\/p>\n<p>En declaraciones a la agencia iran\u00ed IRNA, Abdul Allahaan dijo que &#8220;Ir\u00e1n insiste en una soluci\u00f3n pol\u00edtica a la crisis en Siria y seguir\u00e1 apoyando al pueblo sirio&#8221;.<\/p>\n<p>El diplom\u00e1tico iran\u00ed agreg\u00f3 que su pa\u00eds concede gran importancia a la resistencia popular, al liderazgo sirio y a las exigencias de la oposici\u00f3n nacional e independiente.<\/p>\n<p>Tambi\u00e9n explic\u00f3 que el terrorismo en Siria fracas\u00f3 y est\u00e1 muy cerca de su final, aclarando que Ir\u00e1n se siente orgulloso de estar al lado del pueblo sirio.<\/p>\n<p>De igual manera, se\u00f1al\u00f3 que es un error imaginar la estabilidad en la regi\u00f3n sin la seguridad de Siria porque la noci\u00f3n de seguridad y estabilidad est\u00e1n es una combinaci\u00f3n entrelazada y armoniosa.<br \/>\nFady M., Lynn A.<\/p>\n","protected":false},"excerpt":{"rendered":"<p>Teher\u00e1n, SANA El vicecanciller iran\u00ed para Asuntos \u00c1rabes y Africanos, Hossein Amir Abdul Allahaan, afirm\u00f3 que el presidente Bashar al-Assad es una parte importante de la soluci\u00f3n pol\u00edtica a la crisis en Siria y su papel no puede ser ignorado en el mantenimiento de la unidad nacional y la lucha contra el terrorismo. En declaraciones &hellip;<\/p>\n","protected":false},"author":24,"featured_media":6624,"comment_status":"closed","ping_status":"closed","sticky":false,"template":"","format":"standard","meta":{"footnotes":""},"categories":[597,456,457,576],"tags":[4461],"class_list":["post-19697","post","type-post","status-publish","format-standard","has-post-thumbnail","","category-cinta-de-noticias","category-arabe-internacional-politica","category-noticias-arabe-internacional-politica","category-noticias-politicas","tag-teheran-asegura-que-el-presidente-al-assad-es-una-parte-importante-de-la-solucion-politica"],"_links":{"self":[{"href":"https:\/\/archive.sana.sy\/es\/index.php?rest_route=\/wp\/v2\/posts\/19697"}],"collection":[{"href":"https:\/\/archive.sana.sy\/es\/index.php?rest_route=\/wp\/v2\/posts"}],"about":[{"href":"https:\/\/archive.sana.sy\/es\/index.php?rest_route=\/wp\/v2\/types\/post"}],"author":[{"embeddable":true,"href":"https:\/\/archive.sana.sy\/es\/index.php?rest_route=\/wp\/v2\/users\/24"}],"replies":[{"embeddable":true,"href":"https:\/\/archive.sana.sy\/es\/index.php?rest_route=%2Fwp%2Fv2%2Fcomments&post=19697"}],"version-history":[{"count":0,"href":"https:\/\/archive.sana.sy\/es\/index.php?rest_route=\/wp\/v2\/posts\/19697\/revisions"}],"wp:featuredmedia":[{"embeddable":true,"href":"https:\/\/archive.sana.sy\/es\/index.php?rest_route=\/wp\/v2\/media\/6624"}],"wp:attachment":[{"href":"https:\/\/archive.sana.sy\/es\/index.php?rest_route=%2Fwp%2Fv2%2Fmedia&parent=19697"}],"wp:term":[{"taxonomy":"category","embeddable":true,"href":"https:\/\/archive.sana.sy\/es\/index.php?rest_route=%2Fwp%2Fv2%2Fcategories&post=19697"},{"taxonomy":"post_tag","embeddable":true,"href":"https:\/\/archive.sana.sy\/es\/index.php?rest_route=%2Fwp%2Fv2%2Ftags&post=19697"}],"curies":[{"name":"wp","href":"https:\/\/api.w.org\/{rel}","templated":true}]}}