{"id":197002,"date":"2021-09-13T15:14:36","date_gmt":"2021-09-13T12:14:36","guid":{"rendered":"http:\/\/107.6.182.27\/es\/?p=197002"},"modified":"2023-01-12T14:40:22","modified_gmt":"2023-01-12T12:40:22","slug":"ocupacion-israeli-arrasa-tierras-palestinas-en-cisjordania","status":"publish","type":"post","link":"https:\/\/archive.sana.sy\/es\/?p=197002","title":{"rendered":"Ocupaci\u00f3n israel\u00ed arrasa tierras palestinas en Cisjordania"},"content":{"rendered":"<p style=\"text-align: justify;\"><span style=\"color: #800000;\">Jerusal\u00e9n ocupada, SANA<\/span><\/p>\n<p>Las fuerzas de ocupaci\u00f3n israel\u00edes arrasaron extensiones de tierras palestinas en Cisjordania.<\/p>\n<p style=\"text-align: justify;\">La agencia palestina de noticias Wafa inform\u00f3 que las fuerzas del ocupante sionista irrumpieron con varias excavadoras en la localidad Deir al Ghusoun, al norte de la ciudad de Tulkarm, y barrieron grandes extensiones de sus tierras.<\/p>\n<p style=\"text-align: justify;\">En el marco de su judaizaci\u00f3n y planes agresivos para desplazar a los palestinos, la ocupaci\u00f3n intensifica las operaciones de colonizaci\u00f3n en Cisjordania, especialmente en la Jerusal\u00e9n ocupada, pisoteando las resoluciones internacionales que afirman la ilegalidad del asentamiento en los territorios palestinos ocupados.<\/p>\n<p><em>mm<\/em><\/p>\n","protected":false},"excerpt":{"rendered":"<p>Jerusal\u00e9n ocupada, SANA Las fuerzas de ocupaci\u00f3n israel\u00edes arrasaron extensiones de tierras palestinas en Cisjordania. La agencia palestina de noticias Wafa inform\u00f3 que las fuerzas del ocupante sionista irrumpieron con varias excavadoras en la localidad Deir al Ghusoun, al norte de la ciudad de Tulkarm, y barrieron grandes extensiones de sus tierras. En el marco &hellip;<\/p>\n","protected":false},"author":36,"featured_media":197003,"comment_status":"closed","ping_status":"closed","sticky":false,"template":"","format":"standard","meta":{"footnotes":""},"categories":[597,456,457],"tags":[],"class_list":["post-197002","post","type-post","status-publish","format-standard","has-post-thumbnail","","category-cinta-de-noticias","category-arabe-internacional-politica","category-noticias-arabe-internacional-politica"],"_links":{"self":[{"href":"https:\/\/archive.sana.sy\/es\/index.php?rest_route=\/wp\/v2\/posts\/197002"}],"collection":[{"href":"https:\/\/archive.sana.sy\/es\/index.php?rest_route=\/wp\/v2\/posts"}],"about":[{"href":"https:\/\/archive.sana.sy\/es\/index.php?rest_route=\/wp\/v2\/types\/post"}],"author":[{"embeddable":true,"href":"https:\/\/archive.sana.sy\/es\/index.php?rest_route=\/wp\/v2\/users\/36"}],"replies":[{"embeddable":true,"href":"https:\/\/archive.sana.sy\/es\/index.php?rest_route=%2Fwp%2Fv2%2Fcomments&post=197002"}],"version-history":[{"count":0,"href":"https:\/\/archive.sana.sy\/es\/index.php?rest_route=\/wp\/v2\/posts\/197002\/revisions"}],"wp:featuredmedia":[{"embeddable":true,"href":"https:\/\/archive.sana.sy\/es\/index.php?rest_route=\/wp\/v2\/media\/197003"}],"wp:attachment":[{"href":"https:\/\/archive.sana.sy\/es\/index.php?rest_route=%2Fwp%2Fv2%2Fmedia&parent=197002"}],"wp:term":[{"taxonomy":"category","embeddable":true,"href":"https:\/\/archive.sana.sy\/es\/index.php?rest_route=%2Fwp%2Fv2%2Fcategories&post=197002"},{"taxonomy":"post_tag","embeddable":true,"href":"https:\/\/archive.sana.sy\/es\/index.php?rest_route=%2Fwp%2Fv2%2Ftags&post=197002"}],"curies":[{"name":"wp","href":"https:\/\/api.w.org\/{rel}","templated":true}]}}