{"id":197005,"date":"2021-09-13T16:06:53","date_gmt":"2021-09-13T13:06:53","guid":{"rendered":"http:\/\/107.6.182.27\/es\/?p=197005"},"modified":"2023-01-10T15:23:32","modified_gmt":"2023-01-10T13:23:32","slug":"estiman-en-1644-toneladas-la-produccion-de-melaza-de-uva-en-la-provincia-de-sweida","status":"publish","type":"post","link":"https:\/\/archive.sana.sy\/es\/?p=197005","title":{"rendered":"Estiman en 1644 toneladas la producci\u00f3n de melaza de uva en la provincia de Sweida"},"content":{"rendered":"<p><span style=\"color: #800000;\">Sweida, SANA<\/span><\/p>\n<p style=\"text-align: justify;\">La producci\u00f3n de melaza de uva en la provincia de Sweida durante la temporada actual se estima en casi 1644 toneladas, anunci\u00f3 la Direcci\u00f3n de Agricultura.<\/p>\n<p style=\"text-align: justify;\">El jefe de la referida Direcci\u00f3n, Ayham Hamed, dijo en declaraciones al corresponsal de SANA que el proceso de fabricaci\u00f3n se realiza en m\u00e1s de 37 almazaras entre tradicionales y modernas, sin embargo, algunos agricultores siguen manteniendo el m\u00e9todo manual.<\/p>\n<p style=\"text-align: justify;\">\u201cEl 13 por ciento de la cosecha total de uva va a esa industria\u201d, agreg\u00f3.<\/p>\n<p style=\"text-align: justify;\">La elaboraci\u00f3n de la melaza de uva se considera como una de las industrias alimentarias tradicionales en la provincia sure\u00f1a de Sweida, y se centra principalmente en los pueblos y localidades de Arman, Qanawat, Sahwa al-Khader, Miamas, Kafr, Habran y Shahba.<\/p>\n<div id='gallery-1' class='gallery galleryid-197005 gallery-columns-1 gallery-size-full'><figure class='gallery-item'>\n\t\t\t<div class='gallery-icon landscape'>\n\t\t\t\t<a href='https:\/\/archive.sana.sy\/es\/?attachment_id=197009'><img loading=\"lazy\" decoding=\"async\" width=\"660\" height=\"424\" src=\"https:\/\/archive.sana.sy\/es\/wp-content\/uploads\/2021\/09\/2-3.jpg\" class=\"attachment-full size-full\" alt=\"\" srcset=\"https:\/\/archive.sana.sy\/es\/wp-content\/uploads\/2021\/09\/2-3.jpg 660w, https:\/\/archive.sana.sy\/es\/wp-content\/uploads\/2021\/09\/2-3-300x193.jpg 300w, https:\/\/archive.sana.sy\/es\/wp-content\/uploads\/2021\/09\/2-3-150x96.jpg 150w\" sizes=\"(max-width: 660px) 100vw, 660px\" \/><\/a>\n\t\t\t<\/div><\/figure><figure class='gallery-item'>\n\t\t\t<div class='gallery-icon landscape'>\n\t\t\t\t<a href='https:\/\/archive.sana.sy\/es\/?attachment_id=197008'><img loading=\"lazy\" decoding=\"async\" width=\"660\" height=\"330\" src=\"https:\/\/archive.sana.sy\/es\/wp-content\/uploads\/2021\/09\/3-3.jpg\" class=\"attachment-full size-full\" alt=\"\" srcset=\"https:\/\/archive.sana.sy\/es\/wp-content\/uploads\/2021\/09\/3-3.jpg 660w, https:\/\/archive.sana.sy\/es\/wp-content\/uploads\/2021\/09\/3-3-300x150.jpg 300w, https:\/\/archive.sana.sy\/es\/wp-content\/uploads\/2021\/09\/3-3-150x75.jpg 150w\" sizes=\"(max-width: 660px) 100vw, 660px\" \/><\/a>\n\t\t\t<\/div><\/figure><figure class='gallery-item'>\n\t\t\t<div class='gallery-icon landscape'>\n\t\t\t\t<a href='https:\/\/archive.sana.sy\/es\/?attachment_id=197007'><img loading=\"lazy\" decoding=\"async\" width=\"660\" height=\"416\" src=\"https:\/\/archive.sana.sy\/es\/wp-content\/uploads\/2021\/09\/4-1.jpg\" class=\"attachment-full size-full\" alt=\"\" srcset=\"https:\/\/archive.sana.sy\/es\/wp-content\/uploads\/2021\/09\/4-1.jpg 660w, https:\/\/archive.sana.sy\/es\/wp-content\/uploads\/2021\/09\/4-1-300x189.jpg 300w, https:\/\/archive.sana.sy\/es\/wp-content\/uploads\/2021\/09\/4-1-150x95.jpg 150w\" sizes=\"(max-width: 660px) 100vw, 660px\" \/><\/a>\n\t\t\t<\/div><\/figure>\n\t\t<\/div>\n\n<p><em>mm<\/em><\/p>\n","protected":false},"excerpt":{"rendered":"<p>Sweida, SANA La producci\u00f3n de melaza de uva en la provincia de Sweida durante la temporada actual se estima en casi 1644 toneladas, anunci\u00f3 la Direcci\u00f3n de Agricultura. El jefe de la referida Direcci\u00f3n, Ayham Hamed, dijo en declaraciones al corresponsal de SANA que el proceso de fabricaci\u00f3n se realiza en m\u00e1s de 37 almazaras &hellip;<\/p>\n","protected":false},"author":36,"featured_media":197006,"comment_status":"closed","ping_status":"closed","sticky":false,"template":"","format":"standard","meta":{"footnotes":""},"categories":[597,16686,485],"tags":[],"class_list":["post-197005","post","type-post","status-publish","format-standard","has-post-thumbnail","","category-cinta-de-noticias","category-economia","category-informes-negocios-y-finanzas"],"_links":{"self":[{"href":"https:\/\/archive.sana.sy\/es\/index.php?rest_route=\/wp\/v2\/posts\/197005"}],"collection":[{"href":"https:\/\/archive.sana.sy\/es\/index.php?rest_route=\/wp\/v2\/posts"}],"about":[{"href":"https:\/\/archive.sana.sy\/es\/index.php?rest_route=\/wp\/v2\/types\/post"}],"author":[{"embeddable":true,"href":"https:\/\/archive.sana.sy\/es\/index.php?rest_route=\/wp\/v2\/users\/36"}],"replies":[{"embeddable":true,"href":"https:\/\/archive.sana.sy\/es\/index.php?rest_route=%2Fwp%2Fv2%2Fcomments&post=197005"}],"version-history":[{"count":0,"href":"https:\/\/archive.sana.sy\/es\/index.php?rest_route=\/wp\/v2\/posts\/197005\/revisions"}],"wp:featuredmedia":[{"embeddable":true,"href":"https:\/\/archive.sana.sy\/es\/index.php?rest_route=\/wp\/v2\/media\/197006"}],"wp:attachment":[{"href":"https:\/\/archive.sana.sy\/es\/index.php?rest_route=%2Fwp%2Fv2%2Fmedia&parent=197005"}],"wp:term":[{"taxonomy":"category","embeddable":true,"href":"https:\/\/archive.sana.sy\/es\/index.php?rest_route=%2Fwp%2Fv2%2Fcategories&post=197005"},{"taxonomy":"post_tag","embeddable":true,"href":"https:\/\/archive.sana.sy\/es\/index.php?rest_route=%2Fwp%2Fv2%2Ftags&post=197005"}],"curies":[{"name":"wp","href":"https:\/\/api.w.org\/{rel}","templated":true}]}}