{"id":197059,"date":"2021-09-13T20:49:41","date_gmt":"2021-09-13T17:49:41","guid":{"rendered":"http:\/\/107.6.182.27\/es\/?p=197059"},"modified":"2021-09-13T22:36:18","modified_gmt":"2021-09-13T19:36:18","slug":"los-sirios-demostraron-al-mundo-su-apego-a-su-patria-y-a-la-paz-afirma-patriarca-younan","status":"publish","type":"post","link":"https:\/\/archive.sana.sy\/es\/?p=197059","title":{"rendered":"Los sirios demostraron al mundo su apego a su patria y a la paz, afirma Patriarca Younan"},"content":{"rendered":"<p><span style=\"color: #800000;\">Beirut, SANA<\/span><\/p>\n<p style=\"text-align: justify;\">El Patriarca de Antioqu\u00eda de los Sirios Cat\u00f3licos de todo Oriente, Ignacio Jos\u00e9 III Younan, afirm\u00f3 que los sirios demostraron al mundo su adhesi\u00f3n a su patria y su empe\u00f1o por recuperar la paz y seguridad en todo su pa\u00eds.<\/p>\n<p style=\"text-align: justify;\">Esa postura del patriarca fue expresada durante la apertura del S\u00ednodo anual de los obispos de la Iglesia cat\u00f3lica sir\u00edaca de Antioqu\u00eda en el Monasterio de Nuestra Se\u00f1ora de la Liberaci\u00f3n en El L\u00edbano.<\/p>\n<p style=\"text-align: justify;\">\u201cNuestra reuni\u00f3n tiene lugar en medio de circunstancias peligrosas y desaf\u00edos que atraviesan todas las partes del mundo, especialmente en Medio Oriente, que enfrenta innumerables crisis econ\u00f3micas y sociales, entre muchos otros desaf\u00edos\u201d, se\u00f1al\u00f3.<\/p>\n<p style=\"text-align: justify;\">Asimismo, expres\u00f3 sus felicitaciones a El L\u00edbano por la formaci\u00f3n de un nuevo gobierno y esper\u00f3 que el mismo trabaje lo m\u00e1s r\u00e1pido posible para detener el colapso en este pa\u00eds \u00e1rabe.<\/p>\n<p><span style=\"color: #0000ff;\">rr\/fm<\/span><\/p>\n","protected":false},"excerpt":{"rendered":"<p>Beirut, SANA El Patriarca de Antioqu\u00eda de los Sirios Cat\u00f3licos de todo Oriente, Ignacio Jos\u00e9 III Younan, afirm\u00f3 que los sirios demostraron al mundo su adhesi\u00f3n a su patria y su empe\u00f1o por recuperar la paz y seguridad en todo su pa\u00eds. Esa postura del patriarca fue expresada durante la apertura del S\u00ednodo anual de &hellip;<\/p>\n","protected":false},"author":31,"featured_media":197060,"comment_status":"closed","ping_status":"closed","sticky":false,"template":"","format":"standard","meta":{"footnotes":""},"categories":[597,467,7541],"tags":[],"class_list":["post-197059","post","type-post","status-publish","format-standard","has-post-thumbnail","","category-cinta-de-noticias","category-siria-y-el-mundo","category-ultimas-noticias"],"_links":{"self":[{"href":"https:\/\/archive.sana.sy\/es\/index.php?rest_route=\/wp\/v2\/posts\/197059"}],"collection":[{"href":"https:\/\/archive.sana.sy\/es\/index.php?rest_route=\/wp\/v2\/posts"}],"about":[{"href":"https:\/\/archive.sana.sy\/es\/index.php?rest_route=\/wp\/v2\/types\/post"}],"author":[{"embeddable":true,"href":"https:\/\/archive.sana.sy\/es\/index.php?rest_route=\/wp\/v2\/users\/31"}],"replies":[{"embeddable":true,"href":"https:\/\/archive.sana.sy\/es\/index.php?rest_route=%2Fwp%2Fv2%2Fcomments&post=197059"}],"version-history":[{"count":0,"href":"https:\/\/archive.sana.sy\/es\/index.php?rest_route=\/wp\/v2\/posts\/197059\/revisions"}],"wp:featuredmedia":[{"embeddable":true,"href":"https:\/\/archive.sana.sy\/es\/index.php?rest_route=\/wp\/v2\/media\/197060"}],"wp:attachment":[{"href":"https:\/\/archive.sana.sy\/es\/index.php?rest_route=%2Fwp%2Fv2%2Fmedia&parent=197059"}],"wp:term":[{"taxonomy":"category","embeddable":true,"href":"https:\/\/archive.sana.sy\/es\/index.php?rest_route=%2Fwp%2Fv2%2Fcategories&post=197059"},{"taxonomy":"post_tag","embeddable":true,"href":"https:\/\/archive.sana.sy\/es\/index.php?rest_route=%2Fwp%2Fv2%2Ftags&post=197059"}],"curies":[{"name":"wp","href":"https:\/\/api.w.org\/{rel}","templated":true}]}}