{"id":197070,"date":"2021-09-14T08:08:12","date_gmt":"2021-09-14T05:08:12","guid":{"rendered":"http:\/\/107.6.182.27\/es\/?p=197070"},"modified":"2023-01-10T14:26:21","modified_gmt":"2023-01-10T12:26:21","slug":"cumbre-sirio-rusa-en-moscu-entre-los-presidentes-bashar-al-assad-y-vladimir-putin-2","status":"publish","type":"post","link":"https:\/\/archive.sana.sy\/es\/?p=197070","title":{"rendered":"Cumbre sirio-rusa en Mosc\u00fa entre los presidentes Bashar al-Assad y Vladimir Putin"},"content":{"rendered":"<p style=\"text-align: justify;\"><span style=\"color: #800000;\"><strong>Mosc\u00fa, SANA<\/strong><\/span><\/p>\n<p style=\"text-align: justify;\">Se celebr\u00f3 en Mosc\u00fa una cumbre sirio-rusa entre los presidentes Bashar al-Assad y Vladimir Putin, durante la cual se abordaron cuestiones de cooperaci\u00f3n bilateral entre los dos pa\u00edses, y las medidas tomadas para ampliarla y desarrollarla en favor de los intereses comunes.<\/p>\n<p style=\"text-align: justify;\">La cumbre comenz\u00f3 con una larga reuni\u00f3n bilateral entre los dos presidentes, y luego se incorpor\u00f3 a la misma el ministro de Exteriores, Faisal al-Mekdad, y ministro de Defensa de Rusia, Sergei Shoigu.<\/p>\n<p style=\"text-align: justify;\"><img loading=\"lazy\" decoding=\"async\" class=\"size-medium wp-image-197076 alignleft\" src=\"http:\/\/107.6.182.27\/es\/wp-content\/uploads\/2021\/09\/photo_2021-09-14_08-40-35-300x200.jpg\" alt=\"\" width=\"300\" height=\"200\" srcset=\"https:\/\/archive.sana.sy\/es\/wp-content\/uploads\/2021\/09\/photo_2021-09-14_08-40-35-300x200.jpg 300w, https:\/\/archive.sana.sy\/es\/wp-content\/uploads\/2021\/09\/photo_2021-09-14_08-40-35-1024x682.jpg 1024w, https:\/\/archive.sana.sy\/es\/wp-content\/uploads\/2021\/09\/photo_2021-09-14_08-40-35-150x100.jpg 150w, https:\/\/archive.sana.sy\/es\/wp-content\/uploads\/2021\/09\/photo_2021-09-14_08-40-35-768x512.jpg 768w, https:\/\/archive.sana.sy\/es\/wp-content\/uploads\/2021\/09\/photo_2021-09-14_08-40-35.jpg 1280w\" sizes=\"(max-width: 300px) 100vw, 300px\" \/><\/p>\n<p style=\"text-align: justify;\">Durante la reuni\u00f3n, se abord\u00f3 la cooperaci\u00f3n conjunta entre los ej\u00e9rcitos de los dos pa\u00edses en el proceso de lucha contra el terrorismo, y completar la liberaci\u00f3n de los territorios que a\u00fan est\u00e1n bajo dominio de las organizaciones terroristas.<\/p>\n<p style=\"text-align: justify;\">Tambi\u00e9n,, fueron tratados los pasos dados en el trayecto pol\u00edtico, y las dos partes destacaron la importancia de completar el trabajo en esta v\u00eda con el fin de llegar a un consenso entre las partes sirias sin ning\u00fan tipo de injerencia externa.<\/p>\n<p style=\"text-align: justify;\">Las conversaciones abordaron tambi\u00e9n las \u00e1reas de cooperaci\u00f3n econ\u00f3mica entre los dos pa\u00edses.<\/p>\n<p style=\"text-align: justify;\">Los presidentes a-Assad y Putin repasaron los \u00faltimos desarrollos en el \u00e1mbito regional e internacional.<\/p>\n<p style=\"text-align: justify;\"><span style=\"color: #0000ff;\"><strong>Al-Assad: La lucha sirio-rusa contra el terrorismo protegi\u00f3 a muchos ciudadanos inocentes en el mundo<\/strong><\/span><\/p>\n<p style=\"text-align: justify;\">Durante la cumbre, el presidente al-Assad manifest\u00f3 su alegr\u00eda por la cumbre en Mosc\u00fa que coincide con el sexto a\u00f1o de la operaci\u00f3n conjunta antiterrorista durante la cual los ej\u00e9rcitos sirio y ruso alcanzaron grandes logros no s\u00f3lo en la liberaci\u00f3n de tierras o el retorno de refugiados a sus hogares, sino tambi\u00e9n protegi\u00f3 a muchos ciudadanos inocentes en el mundo porque el terrorismo no conoce ni se detiene en las fronteras pol\u00edticas.<\/p>\n<p style=\"text-align: justify;\">Agreg\u00f3 que adem\u00e1s de la liberaci\u00f3n de tierras y la retirada de los terroristas, se inici\u00f3 un proceso pol\u00edtico en Sochi, Astan\u00e1 y en Geneva. &#8220;Este proceso lleva dos a\u00f1os pero hay obst\u00e1culos que impiden su avance pues hay pa\u00edses que apoyan los terroristas y no le interesa que el proceso avance hacia el logro de la estabilidad en Siria&#8221;, dijo el Gobernante.<\/p>\n<p style=\"text-align: justify;\">Asimismo, calific\u00f3 de inhumano, inmoral e ilegal al bloqueo impuesto por algunos pa\u00edses contra Siria, sin embargo, reafirm\u00f3 la determinaci\u00f3n del gobierno y de las instituciones estatales en Siria, a avanzar en paralelo con el proceso de liberaci\u00f3n del territorio y di\u00e1logo pol\u00edtico.<\/p>\n<p style=\"text-align: justify;\">El presidente al-Assad agradeci\u00f3 al Estado ruso y al pueblo rusos por la ayuda humanitaria brindada al pueblo sirio, ya sea para enfrentar la pandemia del nuevo Coronavirus o para asegurar todas las necesidades b\u00e1sicas que el ciudadano sirio necesita en su vida diaria.<br \/>\n&#8220;Me gustar\u00eda agradecerle a usted y a la instituci\u00f3n pol\u00edtica rusa, especialmente el Ministerio de Relaciones Exteriores, por los esfuerzos que realizaron en los foros internacionales para defender el derecho internacional que estipula la soberan\u00eda de los estados y el derecho de los pueblos a determinar su futuro&#8221;, precis\u00f3.<\/p>\n<p style=\"text-align: justify;\"><span style=\"color: #0000ff;\"><strong>Putin: Gracias a los esfuerzos conjuntos, el gobierno sirio controla ahora el 90 por ciento de su territorio<\/strong><\/span><\/p>\n<p>Por su parte, el presidente Putin dijo al presidente al-Assad: &#8220;Estoy muy feliz de darle la bienvenida nuevamente a Mosc\u00fa y felicitarle por el muy buen resultado en las elecciones presidenciales y que indican que el pueblo conf\u00eda en usted a pesar de todas las dificultades y tragedias de los a\u00f1os anteriores y este pueblo apuesta por usted en el proceso de reconstrucci\u00f3n y recuperaci\u00f3n de la normalidad.<\/p>\n<p style=\"text-align: justify;\">Putin agreg\u00f3: S\u00e9 que est\u00e1n haciendo mucho para esto, incluido mantener un di\u00e1logo con la oposici\u00f3n, y espero que este proceso contin\u00fae; y la combinaci\u00f3n de todas las fuerzas en Siria permitir\u00e1 que el pa\u00eds se levante nuevamente.<\/p>\n<p style=\"text-align: justify;\">El mandatario ruso se\u00f1al\u00f3 que gracias a los esfuerzos conjuntos, la mayor\u00eda de las tierras sirias fueron liberadas despu\u00e9s infligir p\u00e9rdidas grandes a los terroristas, y el gobierno sirio ahora controla el 90 por ciento de su territorio.<\/p>\n<p style=\"text-align: justify;\">Seg\u00fan Putin, el problema principal en Siria es las fuerzas extranjeras que est\u00e1n presentes en territorio sirio sin la aprobaci\u00f3n de las Naciones Unidas y sin el permiso del gobierno sirio, y esto contradice el derecho internacional e impide los esfuerzos para seguir el camino de la reconstrucci\u00f3n.<\/p>\n<p><iframe loading=\"lazy\" title=\"\u062a\u0635\u0631\u064a\u062d \u0627\u0644\u0631\u0626\u064a\u0633\u064a\u0646 \u0627\u0644\u0623\u0633\u062f \u0648\u0628\u0648\u062a\u064a\u0646 \u0641\u064a \u0628\u062f\u0627\u064a\u0629 \u0627\u0644\u0642\u0645\u0629 \u0627\u0644\u062b\u0646\u0627\u0626\u064a\u0629 \u0641\u064a \u0645\u0648\u0633\u0643\u0648\" width=\"618\" height=\"348\" src=\"https:\/\/www.youtube.com\/embed\/1KnBttmQXTk?feature=oembed\" frameborder=\"0\" allow=\"accelerometer; autoplay; clipboard-write; encrypted-media; gyroscope; picture-in-picture; web-share\" referrerpolicy=\"strict-origin-when-cross-origin\" allowfullscreen><\/iframe><\/p>\n<p style=\"text-align: justify;\"><span style=\"color: #0000ff;\"><strong>fm\/ws<\/strong><\/span><\/p>\n","protected":false},"excerpt":{"rendered":"<p>Mosc\u00fa, SANA Se celebr\u00f3 en Mosc\u00fa una cumbre sirio-rusa entre los presidentes Bashar al-Assad y Vladimir Putin, durante la cual se abordaron cuestiones de cooperaci\u00f3n bilateral entre los dos pa\u00edses, y las medidas tomadas para ampliarla y desarrollarla en favor de los intereses comunes. La cumbre comenz\u00f3 con una larga reuni\u00f3n bilateral entre los dos &hellip;<\/p>\n","protected":false},"author":34,"featured_media":197080,"comment_status":"closed","ping_status":"closed","sticky":false,"template":"","format":"standard","meta":{"footnotes":""},"categories":[447,477,597,476,457,16237,583,626],"tags":[],"class_list":["post-197070","post","type-post","status-publish","format-standard","has-post-thumbnail","","category-local-politica","category-noticias-edulcorantes","category-cinta-de-noticias","category-locales","category-noticias-arabe-internacional-politica","category-presidence-de-la-republique-arabe-syria","category-slide","category-sr-presidente"],"_links":{"self":[{"href":"https:\/\/archive.sana.sy\/es\/index.php?rest_route=\/wp\/v2\/posts\/197070"}],"collection":[{"href":"https:\/\/archive.sana.sy\/es\/index.php?rest_route=\/wp\/v2\/posts"}],"about":[{"href":"https:\/\/archive.sana.sy\/es\/index.php?rest_route=\/wp\/v2\/types\/post"}],"author":[{"embeddable":true,"href":"https:\/\/archive.sana.sy\/es\/index.php?rest_route=\/wp\/v2\/users\/34"}],"replies":[{"embeddable":true,"href":"https:\/\/archive.sana.sy\/es\/index.php?rest_route=%2Fwp%2Fv2%2Fcomments&post=197070"}],"version-history":[{"count":0,"href":"https:\/\/archive.sana.sy\/es\/index.php?rest_route=\/wp\/v2\/posts\/197070\/revisions"}],"wp:featuredmedia":[{"embeddable":true,"href":"https:\/\/archive.sana.sy\/es\/index.php?rest_route=\/wp\/v2\/media\/197080"}],"wp:attachment":[{"href":"https:\/\/archive.sana.sy\/es\/index.php?rest_route=%2Fwp%2Fv2%2Fmedia&parent=197070"}],"wp:term":[{"taxonomy":"category","embeddable":true,"href":"https:\/\/archive.sana.sy\/es\/index.php?rest_route=%2Fwp%2Fv2%2Fcategories&post=197070"},{"taxonomy":"post_tag","embeddable":true,"href":"https:\/\/archive.sana.sy\/es\/index.php?rest_route=%2Fwp%2Fv2%2Ftags&post=197070"}],"curies":[{"name":"wp","href":"https:\/\/api.w.org\/{rel}","templated":true}]}}