{"id":197073,"date":"2021-09-14T08:34:26","date_gmt":"2021-09-14T05:34:26","guid":{"rendered":"http:\/\/107.6.182.27\/es\/?p=197073"},"modified":"2023-01-10T15:33:15","modified_gmt":"2023-01-10T13:33:15","slug":"titulares-de-la-agencia-sana-14-de-septiembre-2021","status":"publish","type":"post","link":"https:\/\/archive.sana.sy\/es\/?p=197073","title":{"rendered":"Titulares de la agencia SANA, 14 de septiembre 2021"},"content":{"rendered":"<p><span style=\"color: #800000;\"><strong>Damasco , SANA\u00a0<\/strong><\/span><\/p>\n<p>????Ej\u00e9rcito se despliega en Yadouda y los armados comienzan a deponer sus armas (+ fotos).<\/p>\n<p>????Miles de desplazados retornan al liberado barrio de Deraa al Balad.<\/p>\n<p>????Escuelas de Deraa al-Balad vuelven a recibir los alumnos (+ fotos).<\/p>\n<p>????Mosc\u00fa advierte del peligro de la infiltraci\u00f3n de terroristas desde Afganist\u00e1n a los pa\u00edses vecinos.<\/p>\n<p>????Despu\u00e9s de tres meses de interrupci\u00f3n, el agua potable llega a los barrios de Hasakeh.<\/p>\n<p>????Siria gana plata en Campeonato \u00c1rabe de Clubs de Baloncesto Femenino.<\/p>\n<p>????La milicia separatista FDS secuestr\u00f3 a tres civiles en Raqa.<\/p>\n<p>????Los sirios demostraron al mundo su apego a su patria y a la paz, afirma Patriarca Younan.<\/p>\n<p>????Estiman en 1644 toneladas la producci\u00f3n de melaza de uva en la provincia de Sweida.<\/p>\n<p>????Vuelo adicional de Syrian Airlines a Kuwait.<\/p>\n<p>????Convoy militar estadounidense de 45 veh\u00edculos ingres\u00f3 a territorio sirio.<\/p>\n<p>????Dar Halabia, antigua casa convertida en hotel\u00a0 patrimonial en Alepo (+fotos).<\/p>\n<p>????Localidad siria produce 12 mil toneladas de manzanas.<\/p>\n<p>????Sociedad civil participa en reconstrucci\u00f3n de varias escuelas en Dareya, sur de Damasco.<\/p>\n<p>????Cifra diaria de nuevos casos de Covid-19 en Siria sigue en aumento.<\/p>\n<p>????Ocupaci\u00f3n israel\u00ed arrasa tierras palestinas en Cisjordania.<\/p>\n<p>????Aviones del ocupante israel\u00ed bombardean la Franja de Gaza.<\/p>\n<p>&nbsp;<\/p>\n","protected":false},"excerpt":{"rendered":"<p>Damasco , SANA\u00a0 ????Ej\u00e9rcito se despliega en Yadouda y los armados comienzan a deponer sus armas (+ fotos). ????Miles de desplazados retornan al liberado barrio de Deraa al Balad. ????Escuelas de Deraa al-Balad vuelven a recibir los alumnos (+ fotos). ????Mosc\u00fa advierte del peligro de la infiltraci\u00f3n de terroristas desde Afganist\u00e1n a los pa\u00edses vecinos. &hellip;<\/p>\n","protected":false},"author":35,"featured_media":197074,"comment_status":"closed","ping_status":"closed","sticky":false,"template":"","format":"standard","meta":{"footnotes":""},"categories":[447,555,597,476,7541],"tags":[],"class_list":["post-197073","post","type-post","status-publish","format-standard","has-post-thumbnail","","category-local-politica","category-prensa","category-cinta-de-noticias","category-locales","category-ultimas-noticias"],"_links":{"self":[{"href":"https:\/\/archive.sana.sy\/es\/index.php?rest_route=\/wp\/v2\/posts\/197073"}],"collection":[{"href":"https:\/\/archive.sana.sy\/es\/index.php?rest_route=\/wp\/v2\/posts"}],"about":[{"href":"https:\/\/archive.sana.sy\/es\/index.php?rest_route=\/wp\/v2\/types\/post"}],"author":[{"embeddable":true,"href":"https:\/\/archive.sana.sy\/es\/index.php?rest_route=\/wp\/v2\/users\/35"}],"replies":[{"embeddable":true,"href":"https:\/\/archive.sana.sy\/es\/index.php?rest_route=%2Fwp%2Fv2%2Fcomments&post=197073"}],"version-history":[{"count":0,"href":"https:\/\/archive.sana.sy\/es\/index.php?rest_route=\/wp\/v2\/posts\/197073\/revisions"}],"wp:featuredmedia":[{"embeddable":true,"href":"https:\/\/archive.sana.sy\/es\/index.php?rest_route=\/wp\/v2\/media\/197074"}],"wp:attachment":[{"href":"https:\/\/archive.sana.sy\/es\/index.php?rest_route=%2Fwp%2Fv2%2Fmedia&parent=197073"}],"wp:term":[{"taxonomy":"category","embeddable":true,"href":"https:\/\/archive.sana.sy\/es\/index.php?rest_route=%2Fwp%2Fv2%2Fcategories&post=197073"},{"taxonomy":"post_tag","embeddable":true,"href":"https:\/\/archive.sana.sy\/es\/index.php?rest_route=%2Fwp%2Fv2%2Ftags&post=197073"}],"curies":[{"name":"wp","href":"https:\/\/api.w.org\/{rel}","templated":true}]}}