{"id":197086,"date":"2021-09-14T11:17:15","date_gmt":"2021-09-14T08:17:15","guid":{"rendered":"http:\/\/107.6.182.27\/es\/?p=197086"},"modified":"2023-01-09T14:05:14","modified_gmt":"2023-01-09T12:05:14","slug":"con-apoyo-de-milicia-fds-militares-aerotransportados-de-eeuu-secuestran-dos-civiles-en-hasakeh","status":"publish","type":"post","link":"https:\/\/archive.sana.sy\/es\/?p=197086","title":{"rendered":"Con apoyo de milicia FDS, militares aerotransportados de EEUU secuestran dos civiles en Hasakeh"},"content":{"rendered":"<p style=\"text-align: justify;\"><strong><span style=\"color: #800000;\">Hasakeh, SANA<\/span><\/strong><\/p>\n<p style=\"text-align: justify;\">Las fuerzas de ocupaci\u00f3n estadounidense llevaron a cabo un operativo de desembarco a\u00e9reo en las afueras de la ciudad de Hasakeh, cabecera de la provincia del mismo nombre, y llevaron por la fuerza a dos civiles.<\/p>\n<p style=\"text-align: justify;\">Seg\u00fan afirmaron activistas locales, un helic\u00f3ptero aterriz\u00f3 durante las \u00faltimas horas en una de las regiones bajo control del ocupante estadounidense en Hasakeh, y luego su tripulaci\u00f3n, con el apoyo de integrantes de la milicia Fuerzas Democr\u00e1ticas Sirias (FDS), allan\u00f3 las viviendas de los lugare\u00f1os y llevaron a dos civiles, que a\u00fan no se conoce su paradero.<\/p>\n<p style=\"text-align: justify;\">Las mismas fuentes afirmaron que los ciudadanos secuestrados fueron llevados a un destino desconocido y hasta el momento se desconoce su paradero.<\/p>\n<p style=\"text-align: justify;\"><span style=\"color: #0000ff;\"><strong>ws\/fm<\/strong><\/span><\/p>\n","protected":false},"excerpt":{"rendered":"<p>Hasakeh, SANA Las fuerzas de ocupaci\u00f3n estadounidense llevaron a cabo un operativo de desembarco a\u00e9reo en las afueras de la ciudad de Hasakeh, cabecera de la provincia del mismo nombre, y llevaron por la fuerza a dos civiles. Seg\u00fan afirmaron activistas locales, un helic\u00f3ptero aterriz\u00f3 durante las \u00faltimas horas en una de las regiones bajo &hellip;<\/p>\n","protected":false},"author":35,"featured_media":197090,"comment_status":"closed","ping_status":"closed","sticky":false,"template":"","format":"standard","meta":{"footnotes":""},"categories":[477,447,597,573,476,7541],"tags":[],"class_list":["post-197086","post","type-post","status-publish","format-standard","has-post-thumbnail","","category-noticias-edulcorantes","category-local-politica","category-cinta-de-noticias","category-la-realidad-de-los-acontecimientos-en-siria","category-locales","category-ultimas-noticias"],"_links":{"self":[{"href":"https:\/\/archive.sana.sy\/es\/index.php?rest_route=\/wp\/v2\/posts\/197086"}],"collection":[{"href":"https:\/\/archive.sana.sy\/es\/index.php?rest_route=\/wp\/v2\/posts"}],"about":[{"href":"https:\/\/archive.sana.sy\/es\/index.php?rest_route=\/wp\/v2\/types\/post"}],"author":[{"embeddable":true,"href":"https:\/\/archive.sana.sy\/es\/index.php?rest_route=\/wp\/v2\/users\/35"}],"replies":[{"embeddable":true,"href":"https:\/\/archive.sana.sy\/es\/index.php?rest_route=%2Fwp%2Fv2%2Fcomments&post=197086"}],"version-history":[{"count":0,"href":"https:\/\/archive.sana.sy\/es\/index.php?rest_route=\/wp\/v2\/posts\/197086\/revisions"}],"wp:featuredmedia":[{"embeddable":true,"href":"https:\/\/archive.sana.sy\/es\/index.php?rest_route=\/wp\/v2\/media\/197090"}],"wp:attachment":[{"href":"https:\/\/archive.sana.sy\/es\/index.php?rest_route=%2Fwp%2Fv2%2Fmedia&parent=197086"}],"wp:term":[{"taxonomy":"category","embeddable":true,"href":"https:\/\/archive.sana.sy\/es\/index.php?rest_route=%2Fwp%2Fv2%2Fcategories&post=197086"},{"taxonomy":"post_tag","embeddable":true,"href":"https:\/\/archive.sana.sy\/es\/index.php?rest_route=%2Fwp%2Fv2%2Ftags&post=197086"}],"curies":[{"name":"wp","href":"https:\/\/api.w.org\/{rel}","templated":true}]}}