{"id":197096,"date":"2021-09-14T12:52:26","date_gmt":"2021-09-14T09:52:26","guid":{"rendered":"http:\/\/107.6.182.27\/es\/?p=197096"},"modified":"2021-09-14T12:52:26","modified_gmt":"2021-09-14T09:52:26","slug":"ministro-del-interior-de-pakistan-repasa-con-embajador-sirio-vias-de-impulsar-la-cooperacion-bilateral","status":"publish","type":"post","link":"https:\/\/archive.sana.sy\/es\/?p=197096","title":{"rendered":"Ministro del Interior de Pakist\u00e1n repasa con embajador sirio v\u00edas de impulsar la cooperaci\u00f3n bilateral"},"content":{"rendered":"<p style=\"text-align: justify;\"><strong><span style=\"color: #800000;\">Islamabad, SANA<\/span><\/strong><\/p>\n<p style=\"text-align: justify;\">El ministro del Interior de Pakist\u00e1n, Sheikh Rashid Ahmed, examin\u00f3 con el Encargado de Negocios de la Embajada de Siria en Islamabad, el Embajador Mazen Obaid, las formas de mejorar la cooperaci\u00f3n bilateral entre los dos pa\u00edses amigos, Siria y Pakist\u00e1n, en varios campos.<\/p>\n<p style=\"text-align: justify;\">El ministro Ahmed elogi\u00f3 los esfuerzos de los efectivos del Ministerio del Interior y otras instituciones para preservar la seguridad y proteger a Siria.<\/p>\n<p style=\"text-align: justify;\">Destac\u00f3 las profundas las relaciones sirio-pakistan\u00edes que experimentan un desarrollo notable y enfatiz\u00f3 en la necesidad de fortalecer la cooperaci\u00f3n bilateral entre los dos lados.<\/p>\n<p style=\"text-align: justify;\">Por su parte, el Embajador Obeid explic\u00f3 los logros del Ministerio del Interior en el enfrentamiento al terrorismo, y apreci\u00f3 el crecimiento de las relaciones sirio-pakistan\u00edes en todos los campos.<\/p>\n<p style=\"text-align: justify;\"><span style=\"color: #0000ff;\"><strong>fm\/ws<\/strong><\/span><\/p>\n","protected":false},"excerpt":{"rendered":"<p>Islamabad, SANA El ministro del Interior de Pakist\u00e1n, Sheikh Rashid Ahmed, examin\u00f3 con el Encargado de Negocios de la Embajada de Siria en Islamabad, el Embajador Mazen Obaid, las formas de mejorar la cooperaci\u00f3n bilateral entre los dos pa\u00edses amigos, Siria y Pakist\u00e1n, en varios campos. El ministro Ahmed elogi\u00f3 los esfuerzos de los efectivos &hellip;<\/p>\n","protected":false},"author":35,"featured_media":197097,"comment_status":"closed","ping_status":"closed","sticky":false,"template":"","format":"standard","meta":{"footnotes":""},"categories":[597,467,7541],"tags":[],"class_list":["post-197096","post","type-post","status-publish","format-standard","has-post-thumbnail","","category-cinta-de-noticias","category-siria-y-el-mundo","category-ultimas-noticias"],"_links":{"self":[{"href":"https:\/\/archive.sana.sy\/es\/index.php?rest_route=\/wp\/v2\/posts\/197096"}],"collection":[{"href":"https:\/\/archive.sana.sy\/es\/index.php?rest_route=\/wp\/v2\/posts"}],"about":[{"href":"https:\/\/archive.sana.sy\/es\/index.php?rest_route=\/wp\/v2\/types\/post"}],"author":[{"embeddable":true,"href":"https:\/\/archive.sana.sy\/es\/index.php?rest_route=\/wp\/v2\/users\/35"}],"replies":[{"embeddable":true,"href":"https:\/\/archive.sana.sy\/es\/index.php?rest_route=%2Fwp%2Fv2%2Fcomments&post=197096"}],"version-history":[{"count":0,"href":"https:\/\/archive.sana.sy\/es\/index.php?rest_route=\/wp\/v2\/posts\/197096\/revisions"}],"wp:featuredmedia":[{"embeddable":true,"href":"https:\/\/archive.sana.sy\/es\/index.php?rest_route=\/wp\/v2\/media\/197097"}],"wp:attachment":[{"href":"https:\/\/archive.sana.sy\/es\/index.php?rest_route=%2Fwp%2Fv2%2Fmedia&parent=197096"}],"wp:term":[{"taxonomy":"category","embeddable":true,"href":"https:\/\/archive.sana.sy\/es\/index.php?rest_route=%2Fwp%2Fv2%2Fcategories&post=197096"},{"taxonomy":"post_tag","embeddable":true,"href":"https:\/\/archive.sana.sy\/es\/index.php?rest_route=%2Fwp%2Fv2%2Ftags&post=197096"}],"curies":[{"name":"wp","href":"https:\/\/api.w.org\/{rel}","templated":true}]}}