{"id":197099,"date":"2021-09-14T13:16:14","date_gmt":"2021-09-14T10:16:14","guid":{"rendered":"http:\/\/107.6.182.27\/es\/?p=197099"},"modified":"2023-01-09T14:05:13","modified_gmt":"2023-01-09T12:05:13","slug":"terroristas-proturcos-convierten-una-vivienda-en-un-cuartel-en-efrin-alepo","status":"publish","type":"post","link":"https:\/\/archive.sana.sy\/es\/?p=197099","title":{"rendered":"Terroristas proturcos convierten una vivienda en un cuartel en Efr\u00edn\/Alepo."},"content":{"rendered":"<p style=\"text-align: justify;\"><strong><span style=\"color: #800000;\">Alepo, SANA<\/span><\/strong><\/p>\n<p style=\"text-align: justify;\">Las agrupaciones terroristas respaldadas por las fuerzas de ocupaci\u00f3n turcas, se apoderaron en la ciudad ocupada de Efr\u00edn al norte de la provincia de Alepo, de una vivienda despu\u00e9s de expulsar sus due\u00f1os, as\u00ed como impidieron los agricultores de acceder a sus campos agr\u00edcolas.<\/p>\n<p style=\"text-align: justify;\">Activistas locales informaron a SANA que los terroristas de la llamada agrupaci\u00f3n &#8220;Sult\u00e1n Murad&#8221;, apadrinada por Turqu\u00eda, asaltaron una vivienda a punta de pistola en la referida regi\u00f3n, y agredieron a sus habitantes, as\u00ed como rompieron las puertas y los muebles, y luego lo convirtieron en cuartel militar.<\/p>\n<p style=\"text-align: justify;\">Desde su ocupaci\u00f3n por las tropas turcas y sus mercenarios en 2018, Efr\u00edn es escenario de constantes cr\u00edmenes y violaciones de derechos humanos contra los inocentes civiles.<\/p>\n<p style=\"text-align: justify;\"><span style=\"color: #0000ff;\">ws\/fm<\/span><\/p>\n","protected":false},"excerpt":{"rendered":"<p>Alepo, SANA Las agrupaciones terroristas respaldadas por las fuerzas de ocupaci\u00f3n turcas, se apoderaron en la ciudad ocupada de Efr\u00edn al norte de la provincia de Alepo, de una vivienda despu\u00e9s de expulsar sus due\u00f1os, as\u00ed como impidieron los agricultores de acceder a sus campos agr\u00edcolas. Activistas locales informaron a SANA que los terroristas de &hellip;<\/p>\n","protected":false},"author":35,"featured_media":197100,"comment_status":"closed","ping_status":"closed","sticky":false,"template":"","format":"standard","meta":{"footnotes":""},"categories":[447,477,597,573,476,7541],"tags":[],"class_list":["post-197099","post","type-post","status-publish","format-standard","has-post-thumbnail","","category-local-politica","category-noticias-edulcorantes","category-cinta-de-noticias","category-la-realidad-de-los-acontecimientos-en-siria","category-locales","category-ultimas-noticias"],"_links":{"self":[{"href":"https:\/\/archive.sana.sy\/es\/index.php?rest_route=\/wp\/v2\/posts\/197099"}],"collection":[{"href":"https:\/\/archive.sana.sy\/es\/index.php?rest_route=\/wp\/v2\/posts"}],"about":[{"href":"https:\/\/archive.sana.sy\/es\/index.php?rest_route=\/wp\/v2\/types\/post"}],"author":[{"embeddable":true,"href":"https:\/\/archive.sana.sy\/es\/index.php?rest_route=\/wp\/v2\/users\/35"}],"replies":[{"embeddable":true,"href":"https:\/\/archive.sana.sy\/es\/index.php?rest_route=%2Fwp%2Fv2%2Fcomments&post=197099"}],"version-history":[{"count":0,"href":"https:\/\/archive.sana.sy\/es\/index.php?rest_route=\/wp\/v2\/posts\/197099\/revisions"}],"wp:featuredmedia":[{"embeddable":true,"href":"https:\/\/archive.sana.sy\/es\/index.php?rest_route=\/wp\/v2\/media\/197100"}],"wp:attachment":[{"href":"https:\/\/archive.sana.sy\/es\/index.php?rest_route=%2Fwp%2Fv2%2Fmedia&parent=197099"}],"wp:term":[{"taxonomy":"category","embeddable":true,"href":"https:\/\/archive.sana.sy\/es\/index.php?rest_route=%2Fwp%2Fv2%2Fcategories&post=197099"},{"taxonomy":"post_tag","embeddable":true,"href":"https:\/\/archive.sana.sy\/es\/index.php?rest_route=%2Fwp%2Fv2%2Ftags&post=197099"}],"curies":[{"name":"wp","href":"https:\/\/api.w.org\/{rel}","templated":true}]}}