{"id":197276,"date":"2021-09-15T17:51:06","date_gmt":"2021-09-15T14:51:06","guid":{"rendered":"http:\/\/107.6.182.27\/es\/?p=197276"},"modified":"2023-01-10T14:26:18","modified_gmt":"2023-01-10T12:26:18","slug":"regularizan-estatus-juridico-de-600-personas-de-deir-ezzor-no-involucradas-en-crimenes-de-sangre","status":"publish","type":"post","link":"https:\/\/archive.sana.sy\/es\/?p=197276","title":{"rendered":"Normalizan estatus jur\u00eddico de 600 personas de Deir Ezzor no involucradas en cr\u00edmenes de sangre"},"content":{"rendered":"<p style=\"text-align: justify\"><span style=\"color: #800000\">Deir Ezzor, SANA<\/span><\/p>\n<p style=\"text-align: justify\">En el marco del proceso de reconciliaci\u00f3n nacional, las autoridades competentes normalizaron este mi\u00e9rcoles el estatus jur\u00eddico de 600 personas de Deir Ezzor no involucradas en cr\u00edmenes de sangre conforme con los decretos de amnist\u00eda, las leyes y regulaciones vigentes.<\/p>\n<p style=\"text-align: justify\">El jeque Abdullah al-Shalash, miembro del Centro de Reconciliaci\u00f3n Nacional en la provincia nororiental precis\u00f3 que la parte siria en cooperaci\u00f3n con el Centro de Coordinaci\u00f3n Ruso \u201cnormalizar hoy el estado jur\u00eddico de 600 residentes de Deir Ezzor cuyas manos no se han manchado de sangre\u201d, hecho que refleja \u201cla voluntad del Estado sirio a recuperar a todos sus hijos\u201d, se\u00f1al\u00f3.<\/p>\n<p style=\"text-align: justify\">Al-Shlash hizo un llamado a todos los ciudadanos amnistiados a regresar a su vida normal y participar en el proceso de reconstrucci\u00f3n del pa\u00eds.<\/p>\n<p style=\"text-align: justify\">A su vez, el comandante del Centro de Coordinaci\u00f3n Ruso en Deir Ezzor, el Mayor Vlad Gan, explic\u00f3 que el centro intenta, en coordinaci\u00f3n con las autoridades sirias, ayudar a los ciudadanos que se encuentran en las \u00e1reas fuera del control del Estado sirio a regresar a sus hogares y aldeas.<\/p>\n<p style=\"text-align: justify\">Agreg\u00f3 que el centro ha distribuido ayuda alimentaria a las personas cuyo estatus jur\u00eddico fue normalizado este mi\u00e9rcoles.<\/p>\n<p style=\"text-align: justify\">El 7 del pasado mes de agosto, las autoridades indultaron a 400 lugare\u00f1os de Deir Ezzor no implicados en cr\u00edmenes de sangre.<\/p>\n<p style=\"text-align: justify\"><span style=\"color: #0000ff\"><em><strong>la<\/strong><\/em><\/span><\/p>\n<p style=\"text-align: justify\">\n","protected":false},"excerpt":{"rendered":"<p>Deir Ezzor, SANA En el marco del proceso de reconciliaci\u00f3n nacional, las autoridades competentes normalizaron este mi\u00e9rcoles el estatus jur\u00eddico de 600 personas de Deir Ezzor no involucradas en cr\u00edmenes de sangre conforme con los decretos de amnist\u00eda, las leyes y regulaciones vigentes. El jeque Abdullah al-Shalash, miembro del Centro de Reconciliaci\u00f3n Nacional en la &hellip;<\/p>\n","protected":false},"author":24,"featured_media":197277,"comment_status":"closed","ping_status":"closed","sticky":false,"template":"","format":"standard","meta":{"footnotes":""},"categories":[447,597,476,7541],"tags":[],"class_list":["post-197276","post","type-post","status-publish","format-standard","has-post-thumbnail","","category-local-politica","category-cinta-de-noticias","category-locales","category-ultimas-noticias"],"_links":{"self":[{"href":"https:\/\/archive.sana.sy\/es\/index.php?rest_route=\/wp\/v2\/posts\/197276"}],"collection":[{"href":"https:\/\/archive.sana.sy\/es\/index.php?rest_route=\/wp\/v2\/posts"}],"about":[{"href":"https:\/\/archive.sana.sy\/es\/index.php?rest_route=\/wp\/v2\/types\/post"}],"author":[{"embeddable":true,"href":"https:\/\/archive.sana.sy\/es\/index.php?rest_route=\/wp\/v2\/users\/24"}],"replies":[{"embeddable":true,"href":"https:\/\/archive.sana.sy\/es\/index.php?rest_route=%2Fwp%2Fv2%2Fcomments&post=197276"}],"version-history":[{"count":0,"href":"https:\/\/archive.sana.sy\/es\/index.php?rest_route=\/wp\/v2\/posts\/197276\/revisions"}],"wp:featuredmedia":[{"embeddable":true,"href":"https:\/\/archive.sana.sy\/es\/index.php?rest_route=\/wp\/v2\/media\/197277"}],"wp:attachment":[{"href":"https:\/\/archive.sana.sy\/es\/index.php?rest_route=%2Fwp%2Fv2%2Fmedia&parent=197276"}],"wp:term":[{"taxonomy":"category","embeddable":true,"href":"https:\/\/archive.sana.sy\/es\/index.php?rest_route=%2Fwp%2Fv2%2Fcategories&post=197276"},{"taxonomy":"post_tag","embeddable":true,"href":"https:\/\/archive.sana.sy\/es\/index.php?rest_route=%2Fwp%2Fv2%2Ftags&post=197276"}],"curies":[{"name":"wp","href":"https:\/\/api.w.org\/{rel}","templated":true}]}}