{"id":197286,"date":"2021-09-15T19:12:34","date_gmt":"2021-09-15T16:12:34","guid":{"rendered":"http:\/\/107.6.182.27\/es\/?p=197286"},"modified":"2021-09-15T19:16:36","modified_gmt":"2021-09-15T16:16:36","slug":"campana-nacional-de-vacunacion-contra-covid-19-inmuniza-a-20-mil-personas-en-damasco-campo","status":"publish","type":"post","link":"https:\/\/archive.sana.sy\/es\/?p=197286","title":{"rendered":"Campa\u00f1a Nacional de Vacunaci\u00f3n contra COVID-19 inmuniza a 20 mil personas en Damasco-campo"},"content":{"rendered":"<p style=\"text-align: justify\"><span style=\"color: #800000\">Damasco-campo, SANA<\/span><\/p>\n<p style=\"text-align: justify\">Contin\u00faa la Campa\u00f1a Nacional de Vacunaci\u00f3n contra el COVID-19 en Damasco-campo, y el balance hasta la fecha ha llegado a 20 mil personas vacunadas (mayores de 18 a\u00f1os) en dicha provincia.<\/p>\n<p style=\"text-align: justify\">El proceso de vacunaci\u00f3n se lleva a cabo a trav\u00e9s de 35 centros de salud y hospitales, adem\u00e1s de 65 equipos ambulantes localizados en puntos fijos, seg\u00fan inform\u00f3 Dr. Muhammad Akram Maatouk, el jefe del Programa de Vacunas en la Direcci\u00f3n de Salud de Damasco-campo.<\/p>\n<p style=\"text-align: justify\">Cabe destacar que la jornada nacional fue lanzada por el Ministerio de Salud el 5 de septiembre y se extender\u00e1 hasta el 16 del mes en curso.<\/p>\n<div id='gallery-1' class='gallery galleryid-197286 gallery-columns-1 gallery-size-full'><figure class='gallery-item'>\n\t\t\t<div class='gallery-icon landscape'>\n\t\t\t\t<a href='https:\/\/archive.sana.sy\/es\/wp-content\/uploads\/2021\/09\/Vacunacion-contra-COVID-19-Damasco-campo-1.jpg'><img loading=\"lazy\" decoding=\"async\" width=\"660\" height=\"439\" src=\"https:\/\/archive.sana.sy\/es\/wp-content\/uploads\/2021\/09\/Vacunacion-contra-COVID-19-Damasco-campo-1.jpg\" class=\"attachment-full size-full\" alt=\"\" srcset=\"https:\/\/archive.sana.sy\/es\/wp-content\/uploads\/2021\/09\/Vacunacion-contra-COVID-19-Damasco-campo-1.jpg 660w, https:\/\/archive.sana.sy\/es\/wp-content\/uploads\/2021\/09\/Vacunacion-contra-COVID-19-Damasco-campo-1-300x200.jpg 300w, https:\/\/archive.sana.sy\/es\/wp-content\/uploads\/2021\/09\/Vacunacion-contra-COVID-19-Damasco-campo-1-150x100.jpg 150w, https:\/\/archive.sana.sy\/es\/wp-content\/uploads\/2021\/09\/Vacunacion-contra-COVID-19-Damasco-campo-1-310x205.jpg 310w\" sizes=\"(max-width: 660px) 100vw, 660px\" \/><\/a>\n\t\t\t<\/div><\/figure><figure class='gallery-item'>\n\t\t\t<div class='gallery-icon landscape'>\n\t\t\t\t<a href='https:\/\/archive.sana.sy\/es\/wp-content\/uploads\/2021\/09\/Vacunacion-contra-COVID-19-Damasco-campo-6.jpg'><img loading=\"lazy\" decoding=\"async\" width=\"660\" height=\"439\" src=\"https:\/\/archive.sana.sy\/es\/wp-content\/uploads\/2021\/09\/Vacunacion-contra-COVID-19-Damasco-campo-6.jpg\" class=\"attachment-full size-full\" alt=\"\" srcset=\"https:\/\/archive.sana.sy\/es\/wp-content\/uploads\/2021\/09\/Vacunacion-contra-COVID-19-Damasco-campo-6.jpg 660w, https:\/\/archive.sana.sy\/es\/wp-content\/uploads\/2021\/09\/Vacunacion-contra-COVID-19-Damasco-campo-6-300x200.jpg 300w, https:\/\/archive.sana.sy\/es\/wp-content\/uploads\/2021\/09\/Vacunacion-contra-COVID-19-Damasco-campo-6-150x100.jpg 150w, https:\/\/archive.sana.sy\/es\/wp-content\/uploads\/2021\/09\/Vacunacion-contra-COVID-19-Damasco-campo-6-310x205.jpg 310w\" sizes=\"(max-width: 660px) 100vw, 660px\" \/><\/a>\n\t\t\t<\/div><\/figure><figure class='gallery-item'>\n\t\t\t<div class='gallery-icon landscape'>\n\t\t\t\t<a href='https:\/\/archive.sana.sy\/es\/wp-content\/uploads\/2021\/09\/Vacunacion-contra-COVID-19-Damasco-campo-5.jpg'><img loading=\"lazy\" decoding=\"async\" width=\"660\" height=\"370\" src=\"https:\/\/archive.sana.sy\/es\/wp-content\/uploads\/2021\/09\/Vacunacion-contra-COVID-19-Damasco-campo-5.jpg\" class=\"attachment-full size-full\" alt=\"\" srcset=\"https:\/\/archive.sana.sy\/es\/wp-content\/uploads\/2021\/09\/Vacunacion-contra-COVID-19-Damasco-campo-5.jpg 660w, https:\/\/archive.sana.sy\/es\/wp-content\/uploads\/2021\/09\/Vacunacion-contra-COVID-19-Damasco-campo-5-300x168.jpg 300w, https:\/\/archive.sana.sy\/es\/wp-content\/uploads\/2021\/09\/Vacunacion-contra-COVID-19-Damasco-campo-5-150x84.jpg 150w\" sizes=\"(max-width: 660px) 100vw, 660px\" \/><\/a>\n\t\t\t<\/div><\/figure><figure class='gallery-item'>\n\t\t\t<div class='gallery-icon landscape'>\n\t\t\t\t<a href='https:\/\/archive.sana.sy\/es\/wp-content\/uploads\/2021\/09\/Vacunacion-contra-COVID-19-Damasco-campo-4.jpg'><img loading=\"lazy\" decoding=\"async\" width=\"660\" height=\"439\" src=\"https:\/\/archive.sana.sy\/es\/wp-content\/uploads\/2021\/09\/Vacunacion-contra-COVID-19-Damasco-campo-4.jpg\" class=\"attachment-full size-full\" alt=\"\" srcset=\"https:\/\/archive.sana.sy\/es\/wp-content\/uploads\/2021\/09\/Vacunacion-contra-COVID-19-Damasco-campo-4.jpg 660w, https:\/\/archive.sana.sy\/es\/wp-content\/uploads\/2021\/09\/Vacunacion-contra-COVID-19-Damasco-campo-4-300x200.jpg 300w, https:\/\/archive.sana.sy\/es\/wp-content\/uploads\/2021\/09\/Vacunacion-contra-COVID-19-Damasco-campo-4-150x100.jpg 150w, https:\/\/archive.sana.sy\/es\/wp-content\/uploads\/2021\/09\/Vacunacion-contra-COVID-19-Damasco-campo-4-310x205.jpg 310w\" sizes=\"(max-width: 660px) 100vw, 660px\" \/><\/a>\n\t\t\t<\/div><\/figure><figure class='gallery-item'>\n\t\t\t<div class='gallery-icon landscape'>\n\t\t\t\t<a href='https:\/\/archive.sana.sy\/es\/wp-content\/uploads\/2021\/09\/Vacunacion-contra-COVID-19-Damasco-campo-3.jpg'><img loading=\"lazy\" decoding=\"async\" width=\"660\" height=\"462\" src=\"https:\/\/archive.sana.sy\/es\/wp-content\/uploads\/2021\/09\/Vacunacion-contra-COVID-19-Damasco-campo-3.jpg\" class=\"attachment-full size-full\" alt=\"\" srcset=\"https:\/\/archive.sana.sy\/es\/wp-content\/uploads\/2021\/09\/Vacunacion-contra-COVID-19-Damasco-campo-3.jpg 660w, https:\/\/archive.sana.sy\/es\/wp-content\/uploads\/2021\/09\/Vacunacion-contra-COVID-19-Damasco-campo-3-300x210.jpg 300w, https:\/\/archive.sana.sy\/es\/wp-content\/uploads\/2021\/09\/Vacunacion-contra-COVID-19-Damasco-campo-3-150x105.jpg 150w\" sizes=\"(max-width: 660px) 100vw, 660px\" \/><\/a>\n\t\t\t<\/div><\/figure><figure class='gallery-item'>\n\t\t\t<div class='gallery-icon landscape'>\n\t\t\t\t<a href='https:\/\/archive.sana.sy\/es\/wp-content\/uploads\/2021\/09\/Vacunacion-contra-COVID-19-Damasco-campo-2.jpg'><img loading=\"lazy\" decoding=\"async\" width=\"660\" height=\"439\" src=\"https:\/\/archive.sana.sy\/es\/wp-content\/uploads\/2021\/09\/Vacunacion-contra-COVID-19-Damasco-campo-2.jpg\" class=\"attachment-full size-full\" alt=\"\" srcset=\"https:\/\/archive.sana.sy\/es\/wp-content\/uploads\/2021\/09\/Vacunacion-contra-COVID-19-Damasco-campo-2.jpg 660w, https:\/\/archive.sana.sy\/es\/wp-content\/uploads\/2021\/09\/Vacunacion-contra-COVID-19-Damasco-campo-2-300x200.jpg 300w, https:\/\/archive.sana.sy\/es\/wp-content\/uploads\/2021\/09\/Vacunacion-contra-COVID-19-Damasco-campo-2-150x100.jpg 150w, https:\/\/archive.sana.sy\/es\/wp-content\/uploads\/2021\/09\/Vacunacion-contra-COVID-19-Damasco-campo-2-310x205.jpg 310w\" sizes=\"(max-width: 660px) 100vw, 660px\" \/><\/a>\n\t\t\t<\/div><\/figure>\n\t\t<\/div>\n\n<p style=\"text-align: justify\"><span style=\"color: #0000ff\"><strong><em>la<\/em><\/strong><\/span><\/p>\n","protected":false},"excerpt":{"rendered":"<p>Damasco-campo, SANA Contin\u00faa la Campa\u00f1a Nacional de Vacunaci\u00f3n contra el COVID-19 en Damasco-campo, y el balance hasta la fecha ha llegado a 20 mil personas vacunadas (mayores de 18 a\u00f1os) en dicha provincia. El proceso de vacunaci\u00f3n se lleva a cabo a trav\u00e9s de 35 centros de salud y hospitales, adem\u00e1s de 65 equipos ambulantes &hellip;<\/p>\n","protected":false},"author":24,"featured_media":197287,"comment_status":"closed","ping_status":"closed","sticky":false,"template":"","format":"standard","meta":{"footnotes":""},"categories":[597,476,7541],"tags":[],"class_list":["post-197286","post","type-post","status-publish","format-standard","has-post-thumbnail","","category-cinta-de-noticias","category-locales","category-ultimas-noticias"],"_links":{"self":[{"href":"https:\/\/archive.sana.sy\/es\/index.php?rest_route=\/wp\/v2\/posts\/197286"}],"collection":[{"href":"https:\/\/archive.sana.sy\/es\/index.php?rest_route=\/wp\/v2\/posts"}],"about":[{"href":"https:\/\/archive.sana.sy\/es\/index.php?rest_route=\/wp\/v2\/types\/post"}],"author":[{"embeddable":true,"href":"https:\/\/archive.sana.sy\/es\/index.php?rest_route=\/wp\/v2\/users\/24"}],"replies":[{"embeddable":true,"href":"https:\/\/archive.sana.sy\/es\/index.php?rest_route=%2Fwp%2Fv2%2Fcomments&post=197286"}],"version-history":[{"count":0,"href":"https:\/\/archive.sana.sy\/es\/index.php?rest_route=\/wp\/v2\/posts\/197286\/revisions"}],"wp:featuredmedia":[{"embeddable":true,"href":"https:\/\/archive.sana.sy\/es\/index.php?rest_route=\/wp\/v2\/media\/197287"}],"wp:attachment":[{"href":"https:\/\/archive.sana.sy\/es\/index.php?rest_route=%2Fwp%2Fv2%2Fmedia&parent=197286"}],"wp:term":[{"taxonomy":"category","embeddable":true,"href":"https:\/\/archive.sana.sy\/es\/index.php?rest_route=%2Fwp%2Fv2%2Fcategories&post=197286"},{"taxonomy":"post_tag","embeddable":true,"href":"https:\/\/archive.sana.sy\/es\/index.php?rest_route=%2Fwp%2Fv2%2Ftags&post=197286"}],"curies":[{"name":"wp","href":"https:\/\/api.w.org\/{rel}","templated":true}]}}