{"id":197299,"date":"2021-09-15T20:46:07","date_gmt":"2021-09-15T17:46:07","guid":{"rendered":"http:\/\/107.6.182.27\/es\/?p=197299"},"modified":"2023-01-12T14:40:21","modified_gmt":"2023-01-12T12:40:21","slug":"ocupacion-israeli-cierra-mezquita-ibrahimi-a-fieles-palestinos","status":"publish","type":"post","link":"https:\/\/archive.sana.sy\/es\/?p=197299","title":{"rendered":"Ocupaci\u00f3n israel\u00ed cierra mezquita Ibrahimi a fieles palestinos"},"content":{"rendered":"<p><span style=\"color: #800000;\">Jerusal\u00e9n ocupada, SANA<\/span><\/p>\n<p style=\"text-align: justify;\">Las fuerzas de ocupaci\u00f3n israel\u00edes cerraron a los fieles palestinos la Mezquita Ibrahimi, en la ciudad ocupada de Hebr\u00f3n (Al-Jalil) en Cisjordania.<\/p>\n<p style=\"text-align: justify;\">El director de la Mezquita Ibrahimi, Cheikh Hefzy Abu Sneina, dijo a la agencia palestina de prensa Wafa que las fuerzas de ocupaci\u00f3n invadieron todos los pasillos y patios de la Mezquita Ibrahimi, agredieron a los empleados del Ministerio de Awqaf, expulsaron a los fieles y la cerraron.<\/p>\n<p style=\"text-align: justify;\">Por otar parte, decenas de palestinos se manifestaron este mi\u00e9rcoles frente a la sede del Comit\u00e9 Internacional de la Cruz Roja en Khan Yunis, al sur de la sitiada Franja de Gaza, en apoyo a los prisioneros palestinos en las c\u00e1rceles de la ocupaci\u00f3n israel\u00ed.<\/p>\n<p style=\"text-align: justify;\">Seg\u00fan explica la agencia palestina de noticias Maan, los manifestantes levantaron fotos de los seis prisioneros palestinos que se liberaron del campo de detenci\u00f3n de Gilboa y pancartas condenando las violaciones y cr\u00edmenes de la ocupaci\u00f3n, pidiendo a las organizaciones internacionales de derechos humanos que asuman sus responsabilidades y brinden protecci\u00f3n a los prisioneros de acuerdo con las leyes y normas internacionales.<\/p>\n<p style=\"text-align: justify;\">Aproximadamente 5.000 prisioneros palestinos en c\u00e1rceles israel\u00edes se enfrentan a duras condiciones de detenci\u00f3n, incluidos 600 prisioneros que necesitan intervenci\u00f3n m\u00e9dica urgente.<\/p>\n<p style=\"text-align: justify;\"><em>mm<\/em><\/p>\n","protected":false},"excerpt":{"rendered":"<p>Jerusal\u00e9n ocupada, SANA Las fuerzas de ocupaci\u00f3n israel\u00edes cerraron a los fieles palestinos la Mezquita Ibrahimi, en la ciudad ocupada de Hebr\u00f3n (Al-Jalil) en Cisjordania. El director de la Mezquita Ibrahimi, Cheikh Hefzy Abu Sneina, dijo a la agencia palestina de prensa Wafa que las fuerzas de ocupaci\u00f3n invadieron todos los pasillos y patios de &hellip;<\/p>\n","protected":false},"author":36,"featured_media":197300,"comment_status":"closed","ping_status":"closed","sticky":false,"template":"","format":"standard","meta":{"footnotes":""},"categories":[597,456,457],"tags":[],"class_list":["post-197299","post","type-post","status-publish","format-standard","has-post-thumbnail","","category-cinta-de-noticias","category-arabe-internacional-politica","category-noticias-arabe-internacional-politica"],"_links":{"self":[{"href":"https:\/\/archive.sana.sy\/es\/index.php?rest_route=\/wp\/v2\/posts\/197299"}],"collection":[{"href":"https:\/\/archive.sana.sy\/es\/index.php?rest_route=\/wp\/v2\/posts"}],"about":[{"href":"https:\/\/archive.sana.sy\/es\/index.php?rest_route=\/wp\/v2\/types\/post"}],"author":[{"embeddable":true,"href":"https:\/\/archive.sana.sy\/es\/index.php?rest_route=\/wp\/v2\/users\/36"}],"replies":[{"embeddable":true,"href":"https:\/\/archive.sana.sy\/es\/index.php?rest_route=%2Fwp%2Fv2%2Fcomments&post=197299"}],"version-history":[{"count":0,"href":"https:\/\/archive.sana.sy\/es\/index.php?rest_route=\/wp\/v2\/posts\/197299\/revisions"}],"wp:featuredmedia":[{"embeddable":true,"href":"https:\/\/archive.sana.sy\/es\/index.php?rest_route=\/wp\/v2\/media\/197300"}],"wp:attachment":[{"href":"https:\/\/archive.sana.sy\/es\/index.php?rest_route=%2Fwp%2Fv2%2Fmedia&parent=197299"}],"wp:term":[{"taxonomy":"category","embeddable":true,"href":"https:\/\/archive.sana.sy\/es\/index.php?rest_route=%2Fwp%2Fv2%2Fcategories&post=197299"},{"taxonomy":"post_tag","embeddable":true,"href":"https:\/\/archive.sana.sy\/es\/index.php?rest_route=%2Fwp%2Fv2%2Ftags&post=197299"}],"curies":[{"name":"wp","href":"https:\/\/api.w.org\/{rel}","templated":true}]}}