{"id":197310,"date":"2021-09-15T22:09:40","date_gmt":"2021-09-15T19:09:40","guid":{"rendered":"http:\/\/107.6.182.27\/es\/?p=197310"},"modified":"2023-01-12T14:40:21","modified_gmt":"2023-01-12T12:40:21","slug":"agresion-saudita-bombardea-zonas-residenciales-en-yemen-2","status":"publish","type":"post","link":"https:\/\/archive.sana.sy\/es\/?p=197310","title":{"rendered":"Agresi\u00f3n saudita bombardea zonas residenciales en Yemen"},"content":{"rendered":"<p><span style=\"color: #800000;\">San\u00e1, SANA<\/span><\/p>\n<p style=\"text-align: justify;\">Los aviones de combate de agresi\u00f3n liderada por Arabia Saudita renovaron sus bombardeos contra \u00e1reas y vecindarios residenciales en Yemen, causando da\u00f1os a la propiedad civil.<\/p>\n<p style=\"text-align: justify;\">\u201cLa agresi\u00f3n saud\u00ed lanz\u00f3 3 redadas en el distrito de Majzar, as\u00ed como otras 3 redadas en los distritos de Al Jubah y el monte Murad en la gobernaci\u00f3n de Marib, adem\u00e1s de otras 2 incursiones en el distrito de Baquem en la gobernaci\u00f3n de Saada, mientras que el distrito de Nati&#8217; fue blanco de 10 ataques a\u00e9reos \u201c, inform\u00f3 una fuente de seguridad yemen\u00ed citada por el portal informativo de Al Masirah.<\/p>\n<p style=\"text-align: justify;\">El r\u00e9gimen saud\u00ed sigue con su agresi\u00f3n contra el pueblo yemen\u00ed desde marzo de 2015, dejando decenas de miles de v\u00edctimas y destrucci\u00f3n masiva a la infraestructura del pa\u00eds.<\/p>\n<p><em>mm<\/em><\/p>\n","protected":false},"excerpt":{"rendered":"<p>San\u00e1, SANA Los aviones de combate de agresi\u00f3n liderada por Arabia Saudita renovaron sus bombardeos contra \u00e1reas y vecindarios residenciales en Yemen, causando da\u00f1os a la propiedad civil. \u201cLa agresi\u00f3n saud\u00ed lanz\u00f3 3 redadas en el distrito de Majzar, as\u00ed como otras 3 redadas en los distritos de Al Jubah y el monte Murad en &hellip;<\/p>\n","protected":false},"author":36,"featured_media":197311,"comment_status":"closed","ping_status":"closed","sticky":false,"template":"","format":"standard","meta":{"footnotes":""},"categories":[597,456,457],"tags":[],"class_list":["post-197310","post","type-post","status-publish","format-standard","has-post-thumbnail","","category-cinta-de-noticias","category-arabe-internacional-politica","category-noticias-arabe-internacional-politica"],"_links":{"self":[{"href":"https:\/\/archive.sana.sy\/es\/index.php?rest_route=\/wp\/v2\/posts\/197310"}],"collection":[{"href":"https:\/\/archive.sana.sy\/es\/index.php?rest_route=\/wp\/v2\/posts"}],"about":[{"href":"https:\/\/archive.sana.sy\/es\/index.php?rest_route=\/wp\/v2\/types\/post"}],"author":[{"embeddable":true,"href":"https:\/\/archive.sana.sy\/es\/index.php?rest_route=\/wp\/v2\/users\/36"}],"replies":[{"embeddable":true,"href":"https:\/\/archive.sana.sy\/es\/index.php?rest_route=%2Fwp%2Fv2%2Fcomments&post=197310"}],"version-history":[{"count":0,"href":"https:\/\/archive.sana.sy\/es\/index.php?rest_route=\/wp\/v2\/posts\/197310\/revisions"}],"wp:featuredmedia":[{"embeddable":true,"href":"https:\/\/archive.sana.sy\/es\/index.php?rest_route=\/wp\/v2\/media\/197311"}],"wp:attachment":[{"href":"https:\/\/archive.sana.sy\/es\/index.php?rest_route=%2Fwp%2Fv2%2Fmedia&parent=197310"}],"wp:term":[{"taxonomy":"category","embeddable":true,"href":"https:\/\/archive.sana.sy\/es\/index.php?rest_route=%2Fwp%2Fv2%2Fcategories&post=197310"},{"taxonomy":"post_tag","embeddable":true,"href":"https:\/\/archive.sana.sy\/es\/index.php?rest_route=%2Fwp%2Fv2%2Ftags&post=197310"}],"curies":[{"name":"wp","href":"https:\/\/api.w.org\/{rel}","templated":true}]}}