{"id":197367,"date":"2021-09-16T16:26:57","date_gmt":"2021-09-16T13:26:57","guid":{"rendered":"http:\/\/107.6.182.27\/es\/?p=197367"},"modified":"2021-09-16T16:26:57","modified_gmt":"2021-09-16T13:26:57","slug":"contagios-por-covid-19-en-siria-registran-tendencia-al-alza","status":"publish","type":"post","link":"https:\/\/archive.sana.sy\/es\/?p=197367","title":{"rendered":"Contagios por Covid-19 en Siria registran tendencia al alza"},"content":{"rendered":"<p style=\"text-align: justify;\"><span style=\"color: #800000;\"><strong>Damasco, SANA<\/strong><\/span><\/p>\n<p style=\"text-align: justify;\">El n\u00famero de contagios por el nuevo Coronavirus presencia una tendencia al alza en Siria, seg\u00fan los datos del Ministerio de Salud.<\/p>\n<p style=\"text-align: justify;\">El ministerio confirm\u00f3 2.059 casos desde principios de este mes de septiembre hasta el mi\u00e9rcoles \u00faltimo (d\u00eda 15), mientras durante el mismo periodo del mes pasado de agosto se confirmaron 379 casos, lo cual significa casi cinco veces m\u00e1s.<\/p>\n<p style=\"text-align: justify;\">El director de Emergencias del Ministerio, Tawfiq Hassaba, dijo que existe un aumento notable en el n\u00famero de infectados, y en la v\u00edspera se confirmaron 169 nuevos casos, lo cual se considera la mayor cifra diaria reportada desde el inicio del aumento la curva de contagios a finales del pasado mes de agosto.<\/p>\n<p style=\"text-align: justify;\">Revel\u00f3 que el n\u00famero de infectados ingresados en los hospitales en todas las provincias es actualmente de 1,806.<\/p>\n<p style=\"text-align: justify;\">Seg\u00fan datos del Ministerio, durante el per\u00edodo comprendido del 1 al 15 de septiembre, el mayor n\u00famero de infectados se registr\u00f3 en la gobernaci\u00f3n de Latakia con 421 casos, Alepo con 400 casos y Damasco con 351 casos.<\/p>\n<p style=\"text-align: justify;\"><span style=\"color: #0000ff;\"><strong>fm\/ah<\/strong><\/span><\/p>\n","protected":false},"excerpt":{"rendered":"<p>Damasco, SANA El n\u00famero de contagios por el nuevo Coronavirus presencia una tendencia al alza en Siria, seg\u00fan los datos del Ministerio de Salud. El ministerio confirm\u00f3 2.059 casos desde principios de este mes de septiembre hasta el mi\u00e9rcoles \u00faltimo (d\u00eda 15), mientras durante el mismo periodo del mes pasado de agosto se confirmaron 379 &hellip;<\/p>\n","protected":false},"author":30,"featured_media":197368,"comment_status":"closed","ping_status":"closed","sticky":false,"template":"","format":"standard","meta":{"footnotes":""},"categories":[597,476,7541],"tags":[19495],"class_list":["post-197367","post","type-post","status-publish","format-standard","has-post-thumbnail","","category-cinta-de-noticias","category-locales","category-ultimas-noticias","tag-contagios-por-covid-19-en-siria-registran-tendencia-al-alza"],"_links":{"self":[{"href":"https:\/\/archive.sana.sy\/es\/index.php?rest_route=\/wp\/v2\/posts\/197367"}],"collection":[{"href":"https:\/\/archive.sana.sy\/es\/index.php?rest_route=\/wp\/v2\/posts"}],"about":[{"href":"https:\/\/archive.sana.sy\/es\/index.php?rest_route=\/wp\/v2\/types\/post"}],"author":[{"embeddable":true,"href":"https:\/\/archive.sana.sy\/es\/index.php?rest_route=\/wp\/v2\/users\/30"}],"replies":[{"embeddable":true,"href":"https:\/\/archive.sana.sy\/es\/index.php?rest_route=%2Fwp%2Fv2%2Fcomments&post=197367"}],"version-history":[{"count":0,"href":"https:\/\/archive.sana.sy\/es\/index.php?rest_route=\/wp\/v2\/posts\/197367\/revisions"}],"wp:featuredmedia":[{"embeddable":true,"href":"https:\/\/archive.sana.sy\/es\/index.php?rest_route=\/wp\/v2\/media\/197368"}],"wp:attachment":[{"href":"https:\/\/archive.sana.sy\/es\/index.php?rest_route=%2Fwp%2Fv2%2Fmedia&parent=197367"}],"wp:term":[{"taxonomy":"category","embeddable":true,"href":"https:\/\/archive.sana.sy\/es\/index.php?rest_route=%2Fwp%2Fv2%2Fcategories&post=197367"},{"taxonomy":"post_tag","embeddable":true,"href":"https:\/\/archive.sana.sy\/es\/index.php?rest_route=%2Fwp%2Fv2%2Ftags&post=197367"}],"curies":[{"name":"wp","href":"https:\/\/api.w.org\/{rel}","templated":true}]}}