{"id":197376,"date":"2021-09-16T19:56:10","date_gmt":"2021-09-16T16:56:10","guid":{"rendered":"http:\/\/107.6.182.27\/es\/?p=197376"},"modified":"2023-01-12T14:40:21","modified_gmt":"2023-01-12T12:40:21","slug":"heridos-varios-palestinos-por-agresiones-israelies-en-salfit","status":"publish","type":"post","link":"https:\/\/archive.sana.sy\/es\/?p=197376","title":{"rendered":"Heridos varios palestinos por agresiones israel\u00edes en Salfit"},"content":{"rendered":"<p style=\"text-align: justify;\"><span style=\"color: #800000;\"><strong>Jerusal\u00e9n ocupada, SANA<\/strong><\/span><\/p>\n<p style=\"text-align: justify;\">Varios palestinos resultaron heridos hoy en las agresiones de las fuerzas de ocupaci\u00f3n israel\u00edes durante su asalto al poblado de Bani Hassan, al oeste de la ciudad de Salfit en Cisjordania.<\/p>\n<p style=\"text-align: justify;\">La agencia palestina de noticias Wafa inform\u00f3 que las tropas del ocupante sionista irrumpieron en la ciudad y atacaron a los palestinos y dispararon bombas de gas venenoso, lo cual provoc\u00f3 la asfixia de muchos.<\/p>\n<p style=\"text-align: justify;\">En la v\u00edspera, un estudiante palestino result\u00f3 herido por los disparos de las fuerzas de ocupaci\u00f3n israel\u00edes en la localidad de Teqoa, al este de Bel\u00e9n en Cisjordania.<\/p>\n<p style=\"text-align: justify;\"><span style=\"color: #0000ff;\"><strong>sm\/rsh<\/strong><\/span><\/p>\n","protected":false},"excerpt":{"rendered":"<p>Jerusal\u00e9n ocupada, SANA Varios palestinos resultaron heridos hoy en las agresiones de las fuerzas de ocupaci\u00f3n israel\u00edes durante su asalto al poblado de Bani Hassan, al oeste de la ciudad de Salfit en Cisjordania. La agencia palestina de noticias Wafa inform\u00f3 que las tropas del ocupante sionista irrumpieron en la ciudad y atacaron a los &hellip;<\/p>\n","protected":false},"author":39,"featured_media":197377,"comment_status":"closed","ping_status":"closed","sticky":false,"template":"","format":"standard","meta":{"footnotes":""},"categories":[597,456,457],"tags":[],"class_list":["post-197376","post","type-post","status-publish","format-standard","has-post-thumbnail","","category-cinta-de-noticias","category-arabe-internacional-politica","category-noticias-arabe-internacional-politica"],"_links":{"self":[{"href":"https:\/\/archive.sana.sy\/es\/index.php?rest_route=\/wp\/v2\/posts\/197376"}],"collection":[{"href":"https:\/\/archive.sana.sy\/es\/index.php?rest_route=\/wp\/v2\/posts"}],"about":[{"href":"https:\/\/archive.sana.sy\/es\/index.php?rest_route=\/wp\/v2\/types\/post"}],"author":[{"embeddable":true,"href":"https:\/\/archive.sana.sy\/es\/index.php?rest_route=\/wp\/v2\/users\/39"}],"replies":[{"embeddable":true,"href":"https:\/\/archive.sana.sy\/es\/index.php?rest_route=%2Fwp%2Fv2%2Fcomments&post=197376"}],"version-history":[{"count":0,"href":"https:\/\/archive.sana.sy\/es\/index.php?rest_route=\/wp\/v2\/posts\/197376\/revisions"}],"wp:featuredmedia":[{"embeddable":true,"href":"https:\/\/archive.sana.sy\/es\/index.php?rest_route=\/wp\/v2\/media\/197377"}],"wp:attachment":[{"href":"https:\/\/archive.sana.sy\/es\/index.php?rest_route=%2Fwp%2Fv2%2Fmedia&parent=197376"}],"wp:term":[{"taxonomy":"category","embeddable":true,"href":"https:\/\/archive.sana.sy\/es\/index.php?rest_route=%2Fwp%2Fv2%2Fcategories&post=197376"},{"taxonomy":"post_tag","embeddable":true,"href":"https:\/\/archive.sana.sy\/es\/index.php?rest_route=%2Fwp%2Fv2%2Ftags&post=197376"}],"curies":[{"name":"wp","href":"https:\/\/api.w.org\/{rel}","templated":true}]}}