{"id":197384,"date":"2021-09-17T07:23:45","date_gmt":"2021-09-17T04:23:45","guid":{"rendered":"http:\/\/107.6.182.27\/es\/?p=197384"},"modified":"2021-09-17T08:25:26","modified_gmt":"2021-09-17T05:25:26","slug":"siria-reporto-la-cifra-mas-alta-de-nuevos-casos-por-covid-19-durante-los-ultimos-meses","status":"publish","type":"post","link":"https:\/\/archive.sana.sy\/es\/?p=197384","title":{"rendered":"Siria report\u00f3 la cifra m\u00e1s alta de nuevos casos por Covid-19 durante los \u00faltimos meses"},"content":{"rendered":"<p style=\"text-align: justify;\"><span style=\"color: #800000;\"><strong>Damasco, SANA<\/strong><\/span><\/p>\n<p style=\"text-align: justify;\">El Ministerio de Salud confirm\u00f3 hoy 179 nuevos casos de Covid-19, una cifra considerada la m\u00e1s alta en los \u00faltimos cinco meses.<\/p>\n<p style=\"text-align: justify;\">En su parte diario, el ente inform\u00f3 que la cifra total a nivel nacional ascendi\u00f3 a 30 mil 53.<\/p>\n<p style=\"text-align: justify;\">\u201c45 personas se recuperaron para un total de 22 mil 925, mientras se reportaron siete nuevos muertos lo que eleva a dos mil 104 el n\u00famero de decesos por esta enfermedad\u201d, precis\u00f3.<\/p>\n<p style=\"text-align: justify;\">Alepo, Damasco y Latakia siguen siendo las provincias que reportan mayores cifras de contagios.<\/p>\n<p style=\"text-align: justify;\">El director de Emergencias del Ministerio, Tawfiq Hassaba, dijo la v\u00edspera que existe un aumento notable en el n\u00famero de casos nuevos y que el n\u00famero de infectados ingresados en los hospitales en todas las provincias es actualmente de 1,806.<\/p>\n<p style=\"text-align: justify;\">Siria enfrenta esta pandemia en medio de un bloqueo injusto asfixiante impuesto por EEUU y algunos pa\u00edses de la UE, lo cual dificulta las capacidades del pa\u00eds de enfrentar esta pandemia.<\/p>\n<p style=\"text-align: justify;\">Asimismo, el pa\u00eds recibi\u00f3 asistencia m\u00e9dica para enfrentar este pat\u00f3geno de pa\u00edses amigos como Rusia, Ir\u00e1n, China, India y Pakist\u00e1n.<\/p>\n<p style=\"text-align: justify;\"><span style=\"color: #0000ff;\"><strong>fm\/ah<\/strong><\/span><\/p>\n","protected":false},"excerpt":{"rendered":"<p>Damasco, SANA El Ministerio de Salud confirm\u00f3 hoy 179 nuevos casos de Covid-19, una cifra considerada la m\u00e1s alta en los \u00faltimos cinco meses. En su parte diario, el ente inform\u00f3 que la cifra total a nivel nacional ascendi\u00f3 a 30 mil 53. \u201c45 personas se recuperaron para un total de 22 mil 925, mientras &hellip;<\/p>\n","protected":false},"author":30,"featured_media":197385,"comment_status":"closed","ping_status":"closed","sticky":false,"template":"","format":"standard","meta":{"footnotes":""},"categories":[597,476,7541],"tags":[19498],"class_list":["post-197384","post","type-post","status-publish","format-standard","has-post-thumbnail","","category-cinta-de-noticias","category-locales","category-ultimas-noticias","tag-siria-reporto-la-cifra-mas-alta-de-nuevos-casos-por-covid-19-durante-los-ultimos-meses"],"_links":{"self":[{"href":"https:\/\/archive.sana.sy\/es\/index.php?rest_route=\/wp\/v2\/posts\/197384"}],"collection":[{"href":"https:\/\/archive.sana.sy\/es\/index.php?rest_route=\/wp\/v2\/posts"}],"about":[{"href":"https:\/\/archive.sana.sy\/es\/index.php?rest_route=\/wp\/v2\/types\/post"}],"author":[{"embeddable":true,"href":"https:\/\/archive.sana.sy\/es\/index.php?rest_route=\/wp\/v2\/users\/30"}],"replies":[{"embeddable":true,"href":"https:\/\/archive.sana.sy\/es\/index.php?rest_route=%2Fwp%2Fv2%2Fcomments&post=197384"}],"version-history":[{"count":0,"href":"https:\/\/archive.sana.sy\/es\/index.php?rest_route=\/wp\/v2\/posts\/197384\/revisions"}],"wp:featuredmedia":[{"embeddable":true,"href":"https:\/\/archive.sana.sy\/es\/index.php?rest_route=\/wp\/v2\/media\/197385"}],"wp:attachment":[{"href":"https:\/\/archive.sana.sy\/es\/index.php?rest_route=%2Fwp%2Fv2%2Fmedia&parent=197384"}],"wp:term":[{"taxonomy":"category","embeddable":true,"href":"https:\/\/archive.sana.sy\/es\/index.php?rest_route=%2Fwp%2Fv2%2Fcategories&post=197384"},{"taxonomy":"post_tag","embeddable":true,"href":"https:\/\/archive.sana.sy\/es\/index.php?rest_route=%2Fwp%2Fv2%2Ftags&post=197384"}],"curies":[{"name":"wp","href":"https:\/\/api.w.org\/{rel}","templated":true}]}}