{"id":197393,"date":"2021-09-17T08:36:20","date_gmt":"2021-09-17T05:36:20","guid":{"rendered":"http:\/\/107.6.182.27\/es\/?p=197393"},"modified":"2021-09-17T08:36:20","modified_gmt":"2021-09-17T05:36:20","slug":"titulares-de-la-agencia-sana-17-de-septiembre-2021","status":"publish","type":"post","link":"https:\/\/archive.sana.sy\/es\/?p=197393","title":{"rendered":"Titulares de la agencia SANA, 17 de septiembre 2021"},"content":{"rendered":"<p><span style=\"color: #800000;\"><strong>Damasco, SANA<\/strong><\/span><\/p>\n<p>????Siria exige ante la ONU levantar el bloqueo impuesto por Estados Unidos y la Uni\u00f3n Europea al pueblo sirio<\/p>\n<p>????Medios rusos dedican amplios espacios para cobertura de la cumbre sirio-rusa<\/p>\n<p>????Ir\u00e1n insta en la ONU a poner fin a las medidas coercitivas unilaterales occidentales impuestas a Siria<\/p>\n<p>????Lloviznas en ciudad de Latakia, costa de Siria<\/p>\n<p>????Aerol\u00ednea pakistan\u00ed opera vuelos al Aeropuerto Internacional de Damasco<\/p>\n<p>????Video: Dareya recupera sus escuelas da\u00f1adas por el terrorismo<\/p>\n<p>????Contin\u00faa el proceso de entrega de pr\u00f3fugas, y el ej\u00e9rcito iz\u00f3 la bandera nacional tras su despliegue en Mezerib\/Deraa<\/p>\n<p>????Un civil resulta herido por explosi\u00f3n de una mina remanente de terroristas en Hama<\/p>\n<p>????Siria export\u00f3 productos por valor de 400 millones de euros a 110 pa\u00edses<\/p>\n<p>????Reportan sismo de 2,9 grados en la escala de Richter en Alepo<\/p>\n<p>????Contagios por Covid-19 en Siria registran tendencia al alza<\/p>\n<p>????Instalan nueva planta fotovoltaica en Sweida<\/p>\n<p>????Parlamento yemen\u00ed condena sanciones de EEUU contra Siria<\/p>\n<p>????Heridos varios palestinos por agresiones israel\u00edes en Salfit<\/p>\n<p>????Exsoldado sirio desaf\u00eda su discapacidad y se convierte en carpintero y artesano (Video)<\/p>\n<p>????Washington sigue enviando refuerzos a sus bases ilegales en Siria<\/p>\n<p>????Siria report\u00f3 la cifra m\u00e1s alta de nuevos casos por Covid-19 durante los \u00faltimos meses<\/p>\n<p>&nbsp;<\/p>\n","protected":false},"excerpt":{"rendered":"<p>Damasco, SANA ????Siria exige ante la ONU levantar el bloqueo impuesto por Estados Unidos y la Uni\u00f3n Europea al pueblo sirio ????Medios rusos dedican amplios espacios para cobertura de la cumbre sirio-rusa ????Ir\u00e1n insta en la ONU a poner fin a las medidas coercitivas unilaterales occidentales impuestas a Siria ????Lloviznas en ciudad de Latakia, costa &hellip;<\/p>\n","protected":false},"author":30,"featured_media":195970,"comment_status":"closed","ping_status":"closed","sticky":false,"template":"","format":"standard","meta":{"footnotes":""},"categories":[555,597],"tags":[19502],"class_list":["post-197393","post","type-post","status-publish","format-standard","has-post-thumbnail","","category-prensa","category-cinta-de-noticias","tag-titulares-de-la-agencia-sana-17-de-septiembre-2021"],"_links":{"self":[{"href":"https:\/\/archive.sana.sy\/es\/index.php?rest_route=\/wp\/v2\/posts\/197393"}],"collection":[{"href":"https:\/\/archive.sana.sy\/es\/index.php?rest_route=\/wp\/v2\/posts"}],"about":[{"href":"https:\/\/archive.sana.sy\/es\/index.php?rest_route=\/wp\/v2\/types\/post"}],"author":[{"embeddable":true,"href":"https:\/\/archive.sana.sy\/es\/index.php?rest_route=\/wp\/v2\/users\/30"}],"replies":[{"embeddable":true,"href":"https:\/\/archive.sana.sy\/es\/index.php?rest_route=%2Fwp%2Fv2%2Fcomments&post=197393"}],"version-history":[{"count":0,"href":"https:\/\/archive.sana.sy\/es\/index.php?rest_route=\/wp\/v2\/posts\/197393\/revisions"}],"wp:featuredmedia":[{"embeddable":true,"href":"https:\/\/archive.sana.sy\/es\/index.php?rest_route=\/wp\/v2\/media\/195970"}],"wp:attachment":[{"href":"https:\/\/archive.sana.sy\/es\/index.php?rest_route=%2Fwp%2Fv2%2Fmedia&parent=197393"}],"wp:term":[{"taxonomy":"category","embeddable":true,"href":"https:\/\/archive.sana.sy\/es\/index.php?rest_route=%2Fwp%2Fv2%2Fcategories&post=197393"},{"taxonomy":"post_tag","embeddable":true,"href":"https:\/\/archive.sana.sy\/es\/index.php?rest_route=%2Fwp%2Fv2%2Ftags&post=197393"}],"curies":[{"name":"wp","href":"https:\/\/api.w.org\/{rel}","templated":true}]}}