{"id":197398,"date":"2021-09-17T09:50:21","date_gmt":"2021-09-17T06:50:21","guid":{"rendered":"http:\/\/107.6.182.27\/es\/?p=197398"},"modified":"2023-01-12T14:40:20","modified_gmt":"2023-01-12T12:40:20","slug":"comenzaron-elecciones-a-la-duma-de-estado-de-rusia","status":"publish","type":"post","link":"https:\/\/archive.sana.sy\/es\/?p=197398","title":{"rendered":"Comenzaron elecciones a la Duma de Estado de Rusia"},"content":{"rendered":"<p><span style=\"color: #800000;\"><strong>Mosc\u00fa, SANA<\/strong><\/span><\/p>\n<p>El proceso de votaci\u00f3n para las elecciones a la Duma de Estado (C\u00e1mara Baja) de la octava legislatura, comenz\u00f3 la v\u00edspera en las zonas del extremo este de Rusia, y durar\u00e1n hasta el pr\u00f3ximo domingo.<\/p>\n<p>Los votantes en muchas regiones elegir\u00e1n tambi\u00e9n sus parlamentos locales, jefes provinciales y consejos municipales.<\/p>\n<p>La Comisi\u00f3n Electoral Central de Rusia inform\u00f3 que unos 150 mil ciudadanos rusos residentes en el extranjero emitieron su voto el pasado d\u00eda 3 de septiembre.<\/p>\n<p>14 partidos rusos compiten por los 450 esca\u00f1os del Consejo de la Duma ruso.<\/p>\n<p><span style=\"color: #0000ff;\">ah\/fm<\/span><\/p>\n","protected":false},"excerpt":{"rendered":"<p>Mosc\u00fa, SANA El proceso de votaci\u00f3n para las elecciones a la Duma de Estado (C\u00e1mara Baja) de la octava legislatura, comenz\u00f3 la v\u00edspera en las zonas del extremo este de Rusia, y durar\u00e1n hasta el pr\u00f3ximo domingo. Los votantes en muchas regiones elegir\u00e1n tambi\u00e9n sus parlamentos locales, jefes provinciales y consejos municipales. La Comisi\u00f3n Electoral &hellip;<\/p>\n","protected":false},"author":30,"featured_media":197399,"comment_status":"closed","ping_status":"closed","sticky":false,"template":"","format":"standard","meta":{"footnotes":""},"categories":[597,456],"tags":[19503],"class_list":["post-197398","post","type-post","status-publish","format-standard","has-post-thumbnail","","category-cinta-de-noticias","category-arabe-internacional-politica","tag-comenzaron-elecciones-a-la-duma-de-estado-de-rusia"],"_links":{"self":[{"href":"https:\/\/archive.sana.sy\/es\/index.php?rest_route=\/wp\/v2\/posts\/197398"}],"collection":[{"href":"https:\/\/archive.sana.sy\/es\/index.php?rest_route=\/wp\/v2\/posts"}],"about":[{"href":"https:\/\/archive.sana.sy\/es\/index.php?rest_route=\/wp\/v2\/types\/post"}],"author":[{"embeddable":true,"href":"https:\/\/archive.sana.sy\/es\/index.php?rest_route=\/wp\/v2\/users\/30"}],"replies":[{"embeddable":true,"href":"https:\/\/archive.sana.sy\/es\/index.php?rest_route=%2Fwp%2Fv2%2Fcomments&post=197398"}],"version-history":[{"count":0,"href":"https:\/\/archive.sana.sy\/es\/index.php?rest_route=\/wp\/v2\/posts\/197398\/revisions"}],"wp:featuredmedia":[{"embeddable":true,"href":"https:\/\/archive.sana.sy\/es\/index.php?rest_route=\/wp\/v2\/media\/197399"}],"wp:attachment":[{"href":"https:\/\/archive.sana.sy\/es\/index.php?rest_route=%2Fwp%2Fv2%2Fmedia&parent=197398"}],"wp:term":[{"taxonomy":"category","embeddable":true,"href":"https:\/\/archive.sana.sy\/es\/index.php?rest_route=%2Fwp%2Fv2%2Fcategories&post=197398"},{"taxonomy":"post_tag","embeddable":true,"href":"https:\/\/archive.sana.sy\/es\/index.php?rest_route=%2Fwp%2Fv2%2Ftags&post=197398"}],"curies":[{"name":"wp","href":"https:\/\/api.w.org\/{rel}","templated":true}]}}