{"id":197401,"date":"2021-09-17T09:56:14","date_gmt":"2021-09-17T06:56:14","guid":{"rendered":"http:\/\/107.6.182.27\/es\/?p=197401"},"modified":"2021-09-17T09:56:14","modified_gmt":"2021-09-17T06:56:14","slug":"qasem-resalta-importancia-de-consolidar-coordinacion-y-cooperacion-entre-siria-y-el-libano","status":"publish","type":"post","link":"https:\/\/archive.sana.sy\/es\/?p=197401","title":{"rendered":"Qasem resalta importancia de consolidar coordinaci\u00f3n y cooperaci\u00f3n entre Siria y el L\u00edbano"},"content":{"rendered":"<p style=\"text-align: justify;\"><span style=\"color: #800000;\"><strong>Beirut, SANA<\/strong><\/span><\/p>\n<p style=\"text-align: justify;\">El Secretario General Adjunto de Hezbol\u00e1, Naem Qasem, resalt\u00f3 la necesidad de la cooperaci\u00f3n y coordinaci\u00f3n entre Siria y el L\u00edbano en beneficio de los dos pa\u00edses hermanos.<\/p>\n<p style=\"text-align: justify;\">Durante su reuni\u00f3n la v\u00edspera con el embajador sirio en el L\u00edbano, Ali Abdul Karim, Qasem subray\u00f3 que Hezbol\u00e1 se enfrentar\u00e1 a todos los intentos del bloqueo estadounidenses-sionistas.<\/p>\n<p style=\"text-align: justify;\">&#8220;La ruptura del bloqueo estadounidense impuesto a Siria al quebrantar la agresiva Ley C\u00e9sar es el comienzo de una nueva fase de confrontaci\u00f3n que lograr\u00e1 victorias pol\u00edticas y econ\u00f3micas en beneficio de Siria y el L\u00edbano&#8221;, fustig\u00f3 Qasem.<\/p>\n<p style=\"text-align: justify;\">Agreg\u00f3 que, &#8220;Hezbol\u00e1, quien liber\u00f3 la tierra de la ocupaci\u00f3n israel\u00ed, enfrentar\u00e1 el bloqueo econ\u00f3mico y social para lograr el orgullo, fortalecer la independencia del L\u00edbano y proteger a los ciudadanos social y pol\u00edticamente&#8221;.<\/p>\n<p style=\"text-align: justify;\">Por su parte, el embajador Abdul Karim, se\u00f1al\u00f3 la importancia de activar la relaci\u00f3n fraternal entre Siria y el L\u00edbano, y destac\u00f3 la necesidad de invertir la victoria de Siria y la resistencia frente al terrorismo que representa un peligro para la regi\u00f3n y el mundo.<\/p>\n<p style=\"text-align: justify;\"><span style=\"color: #0000ff;\"><strong>ah\/fm<\/strong><\/span><\/p>\n","protected":false},"excerpt":{"rendered":"<p>Beirut, SANA El Secretario General Adjunto de Hezbol\u00e1, Naem Qasem, resalt\u00f3 la necesidad de la cooperaci\u00f3n y coordinaci\u00f3n entre Siria y el L\u00edbano en beneficio de los dos pa\u00edses hermanos. Durante su reuni\u00f3n la v\u00edspera con el embajador sirio en el L\u00edbano, Ali Abdul Karim, Qasem subray\u00f3 que Hezbol\u00e1 se enfrentar\u00e1 a todos los intentos &hellip;<\/p>\n","protected":false},"author":30,"featured_media":197402,"comment_status":"closed","ping_status":"closed","sticky":false,"template":"","format":"standard","meta":{"footnotes":""},"categories":[597,467],"tags":[19504],"class_list":["post-197401","post","type-post","status-publish","format-standard","has-post-thumbnail","","category-cinta-de-noticias","category-siria-y-el-mundo","tag-qasem-resalta-importancia-de-consolidar-coordinacion-y-cooperacion-entre-siria-y-el-libano"],"_links":{"self":[{"href":"https:\/\/archive.sana.sy\/es\/index.php?rest_route=\/wp\/v2\/posts\/197401"}],"collection":[{"href":"https:\/\/archive.sana.sy\/es\/index.php?rest_route=\/wp\/v2\/posts"}],"about":[{"href":"https:\/\/archive.sana.sy\/es\/index.php?rest_route=\/wp\/v2\/types\/post"}],"author":[{"embeddable":true,"href":"https:\/\/archive.sana.sy\/es\/index.php?rest_route=\/wp\/v2\/users\/30"}],"replies":[{"embeddable":true,"href":"https:\/\/archive.sana.sy\/es\/index.php?rest_route=%2Fwp%2Fv2%2Fcomments&post=197401"}],"version-history":[{"count":0,"href":"https:\/\/archive.sana.sy\/es\/index.php?rest_route=\/wp\/v2\/posts\/197401\/revisions"}],"wp:featuredmedia":[{"embeddable":true,"href":"https:\/\/archive.sana.sy\/es\/index.php?rest_route=\/wp\/v2\/media\/197402"}],"wp:attachment":[{"href":"https:\/\/archive.sana.sy\/es\/index.php?rest_route=%2Fwp%2Fv2%2Fmedia&parent=197401"}],"wp:term":[{"taxonomy":"category","embeddable":true,"href":"https:\/\/archive.sana.sy\/es\/index.php?rest_route=%2Fwp%2Fv2%2Fcategories&post=197401"},{"taxonomy":"post_tag","embeddable":true,"href":"https:\/\/archive.sana.sy\/es\/index.php?rest_route=%2Fwp%2Fv2%2Ftags&post=197401"}],"curies":[{"name":"wp","href":"https:\/\/api.w.org\/{rel}","templated":true}]}}