{"id":197408,"date":"2021-09-17T14:00:59","date_gmt":"2021-09-17T11:00:59","guid":{"rendered":"http:\/\/107.6.182.27\/es\/?p=197408"},"modified":"2021-09-17T18:02:09","modified_gmt":"2021-09-17T15:02:09","slug":"aerolinea-de-pakistan-reanudo-vuelos-regulares-a-siria","status":"publish","type":"post","link":"https:\/\/archive.sana.sy\/es\/?p=197408","title":{"rendered":"Aerol\u00ednea de Pakist\u00e1n reanud\u00f3 vuelos regulares a Siria"},"content":{"rendered":"<p style=\"text-align: justify;\"><span style=\"color: #800000;\"><strong>Damasco, SANA<\/strong><\/span><\/p>\n<p style=\"text-align: justify;\">El primer vuelo de la Aerol\u00ednea International de Pakist\u00e1n (PIA) aterriz\u00f3 hoy en el Aeropuerto Internacional de Damasco, lo cual marca el regreso del tr\u00e1fico a\u00e9reo entre los dos pa\u00edses, que hab\u00eda estado suspendido durante m\u00e1s de veinte a\u00f1os.<\/p>\n<p style=\"text-align: justify;\">En el vuelo vienen el ministro de Aviaci\u00f3n de Pakist\u00e1n, Ghulam Sarwar Khan, el Encargado de Negocios de la Embajada de Siria en Pakist\u00e1n, Mazen Obaid, y el jefe de la aerol\u00ednea Pakistan International Airlines, adem\u00e1s de 286 pasajeros.<\/p>\n<p style=\"text-align: justify;\">En una declaraci\u00f3n de prensa, el ministro de Aviaci\u00f3n de Pakist\u00e1n expres\u00f3 su agradecimiento a Siria por las facilidades que brind\u00f3 para realizar este vuelo, y se\u00f1al\u00f3 que es un primer paso y ser\u00e1 seguido por otros pasos de cooperaci\u00f3n entre los dos pa\u00edses.<\/p>\n<p style=\"text-align: justify;\">Por su parte, el ministro de Transporte de Siria, Zuhair Khuzaym, indic\u00f3 en una declaraci\u00f3n que este vuelo es el primero despu\u00e9s de una interrupci\u00f3n de m\u00e1s de veinte a\u00f1os, y es un paso importante para el desarrollo de las relaciones econ\u00f3micas entre ambos pa\u00edses.<\/p>\n<p style=\"text-align: justify;\"><span style=\"color: #0000ff;\"><strong>ah\/fm\/sm\/rsh<\/strong><\/span><\/p>\n<div id='gallery-1' class='gallery galleryid-197408 gallery-columns-1 gallery-size-full'><figure class='gallery-item'>\n\t\t\t<div class='gallery-icon landscape'>\n\t\t\t\t<a href='https:\/\/archive.sana.sy\/es\/?attachment_id=197428'><img loading=\"lazy\" decoding=\"async\" width=\"2560\" height=\"1669\" src=\"https:\/\/archive.sana.sy\/es\/wp-content\/uploads\/2021\/09\/MHM_7450-scaled.jpg\" class=\"attachment-full size-full\" alt=\"\" srcset=\"https:\/\/archive.sana.sy\/es\/wp-content\/uploads\/2021\/09\/MHM_7450-scaled.jpg 2560w, https:\/\/archive.sana.sy\/es\/wp-content\/uploads\/2021\/09\/MHM_7450-300x196.jpg 300w, https:\/\/archive.sana.sy\/es\/wp-content\/uploads\/2021\/09\/MHM_7450-1024x668.jpg 1024w, https:\/\/archive.sana.sy\/es\/wp-content\/uploads\/2021\/09\/MHM_7450-150x98.jpg 150w, https:\/\/archive.sana.sy\/es\/wp-content\/uploads\/2021\/09\/MHM_7450-768x501.jpg 768w, https:\/\/archive.sana.sy\/es\/wp-content\/uploads\/2021\/09\/MHM_7450-1536x1001.jpg 1536w, https:\/\/archive.sana.sy\/es\/wp-content\/uploads\/2021\/09\/MHM_7450-2048x1335.jpg 2048w\" sizes=\"(max-width: 2560px) 100vw, 2560px\" \/><\/a>\n\t\t\t<\/div><\/figure><figure class='gallery-item'>\n\t\t\t<div class='gallery-icon landscape'>\n\t\t\t\t<a href='https:\/\/archive.sana.sy\/es\/?attachment_id=197429'><img loading=\"lazy\" decoding=\"async\" width=\"2560\" height=\"1703\" src=\"https:\/\/archive.sana.sy\/es\/wp-content\/uploads\/2021\/09\/MHM_7470-scaled.jpg\" class=\"attachment-full size-full\" alt=\"\" srcset=\"https:\/\/archive.sana.sy\/es\/wp-content\/uploads\/2021\/09\/MHM_7470-scaled.jpg 2560w, https:\/\/archive.sana.sy\/es\/wp-content\/uploads\/2021\/09\/MHM_7470-300x200.jpg 300w, https:\/\/archive.sana.sy\/es\/wp-content\/uploads\/2021\/09\/MHM_7470-1024x681.jpg 1024w, https:\/\/archive.sana.sy\/es\/wp-content\/uploads\/2021\/09\/MHM_7470-150x100.jpg 150w, https:\/\/archive.sana.sy\/es\/wp-content\/uploads\/2021\/09\/MHM_7470-768x511.jpg 768w, https:\/\/archive.sana.sy\/es\/wp-content\/uploads\/2021\/09\/MHM_7470-1536x1022.jpg 1536w, https:\/\/archive.sana.sy\/es\/wp-content\/uploads\/2021\/09\/MHM_7470-2048x1362.jpg 2048w, https:\/\/archive.sana.sy\/es\/wp-content\/uploads\/2021\/09\/MHM_7470-310x205.jpg 310w\" sizes=\"(max-width: 2560px) 100vw, 2560px\" \/><\/a>\n\t\t\t<\/div><\/figure><figure class='gallery-item'>\n\t\t\t<div class='gallery-icon landscape'>\n\t\t\t\t<a href='https:\/\/archive.sana.sy\/es\/?attachment_id=197430'><img loading=\"lazy\" decoding=\"async\" width=\"2560\" height=\"1675\" src=\"https:\/\/archive.sana.sy\/es\/wp-content\/uploads\/2021\/09\/MHM_7476-scaled.jpg\" class=\"attachment-full size-full\" alt=\"\" srcset=\"https:\/\/archive.sana.sy\/es\/wp-content\/uploads\/2021\/09\/MHM_7476-scaled.jpg 2560w, https:\/\/archive.sana.sy\/es\/wp-content\/uploads\/2021\/09\/MHM_7476-300x196.jpg 300w, https:\/\/archive.sana.sy\/es\/wp-content\/uploads\/2021\/09\/MHM_7476-1024x670.jpg 1024w, https:\/\/archive.sana.sy\/es\/wp-content\/uploads\/2021\/09\/MHM_7476-150x98.jpg 150w, https:\/\/archive.sana.sy\/es\/wp-content\/uploads\/2021\/09\/MHM_7476-768x502.jpg 768w, https:\/\/archive.sana.sy\/es\/wp-content\/uploads\/2021\/09\/MHM_7476-1536x1005.jpg 1536w, https:\/\/archive.sana.sy\/es\/wp-content\/uploads\/2021\/09\/MHM_7476-2048x1340.jpg 2048w\" sizes=\"(max-width: 2560px) 100vw, 2560px\" \/><\/a>\n\t\t\t<\/div><\/figure><figure class='gallery-item'>\n\t\t\t<div class='gallery-icon landscape'>\n\t\t\t\t<a href='https:\/\/archive.sana.sy\/es\/?attachment_id=197431'><img loading=\"lazy\" decoding=\"async\" width=\"2560\" height=\"1703\" src=\"https:\/\/archive.sana.sy\/es\/wp-content\/uploads\/2021\/09\/MHM_7550-scaled.jpg\" class=\"attachment-full size-full\" alt=\"\" srcset=\"https:\/\/archive.sana.sy\/es\/wp-content\/uploads\/2021\/09\/MHM_7550-scaled.jpg 2560w, https:\/\/archive.sana.sy\/es\/wp-content\/uploads\/2021\/09\/MHM_7550-300x200.jpg 300w, https:\/\/archive.sana.sy\/es\/wp-content\/uploads\/2021\/09\/MHM_7550-1024x681.jpg 1024w, https:\/\/archive.sana.sy\/es\/wp-content\/uploads\/2021\/09\/MHM_7550-150x100.jpg 150w, https:\/\/archive.sana.sy\/es\/wp-content\/uploads\/2021\/09\/MHM_7550-768x511.jpg 768w, https:\/\/archive.sana.sy\/es\/wp-content\/uploads\/2021\/09\/MHM_7550-1536x1022.jpg 1536w, https:\/\/archive.sana.sy\/es\/wp-content\/uploads\/2021\/09\/MHM_7550-2048x1362.jpg 2048w, https:\/\/archive.sana.sy\/es\/wp-content\/uploads\/2021\/09\/MHM_7550-310x205.jpg 310w\" sizes=\"(max-width: 2560px) 100vw, 2560px\" \/><\/a>\n\t\t\t<\/div><\/figure><figure class='gallery-item'>\n\t\t\t<div class='gallery-icon landscape'>\n\t\t\t\t<a href='https:\/\/archive.sana.sy\/es\/?attachment_id=197432'><img loading=\"lazy\" decoding=\"async\" width=\"2560\" height=\"1703\" src=\"https:\/\/archive.sana.sy\/es\/wp-content\/uploads\/2021\/09\/MHM_7559-scaled.jpg\" class=\"attachment-full size-full\" alt=\"\" srcset=\"https:\/\/archive.sana.sy\/es\/wp-content\/uploads\/2021\/09\/MHM_7559-scaled.jpg 2560w, https:\/\/archive.sana.sy\/es\/wp-content\/uploads\/2021\/09\/MHM_7559-300x200.jpg 300w, https:\/\/archive.sana.sy\/es\/wp-content\/uploads\/2021\/09\/MHM_7559-1024x681.jpg 1024w, https:\/\/archive.sana.sy\/es\/wp-content\/uploads\/2021\/09\/MHM_7559-150x100.jpg 150w, https:\/\/archive.sana.sy\/es\/wp-content\/uploads\/2021\/09\/MHM_7559-768x511.jpg 768w, https:\/\/archive.sana.sy\/es\/wp-content\/uploads\/2021\/09\/MHM_7559-1536x1022.jpg 1536w, https:\/\/archive.sana.sy\/es\/wp-content\/uploads\/2021\/09\/MHM_7559-2048x1362.jpg 2048w, https:\/\/archive.sana.sy\/es\/wp-content\/uploads\/2021\/09\/MHM_7559-310x205.jpg 310w\" sizes=\"(max-width: 2560px) 100vw, 2560px\" \/><\/a>\n\t\t\t<\/div><\/figure><figure class='gallery-item'>\n\t\t\t<div class='gallery-icon landscape'>\n\t\t\t\t<a href='https:\/\/archive.sana.sy\/es\/?attachment_id=197433'><img loading=\"lazy\" decoding=\"async\" width=\"2560\" height=\"1704\" src=\"https:\/\/archive.sana.sy\/es\/wp-content\/uploads\/2021\/09\/MHM_7564-scaled.jpg\" class=\"attachment-full size-full\" alt=\"\" srcset=\"https:\/\/archive.sana.sy\/es\/wp-content\/uploads\/2021\/09\/MHM_7564-scaled.jpg 2560w, https:\/\/archive.sana.sy\/es\/wp-content\/uploads\/2021\/09\/MHM_7564-300x200.jpg 300w, https:\/\/archive.sana.sy\/es\/wp-content\/uploads\/2021\/09\/MHM_7564-1024x682.jpg 1024w, https:\/\/archive.sana.sy\/es\/wp-content\/uploads\/2021\/09\/MHM_7564-150x100.jpg 150w, https:\/\/archive.sana.sy\/es\/wp-content\/uploads\/2021\/09\/MHM_7564-768x511.jpg 768w, https:\/\/archive.sana.sy\/es\/wp-content\/uploads\/2021\/09\/MHM_7564-1536x1022.jpg 1536w, https:\/\/archive.sana.sy\/es\/wp-content\/uploads\/2021\/09\/MHM_7564-2048x1363.jpg 2048w, https:\/\/archive.sana.sy\/es\/wp-content\/uploads\/2021\/09\/MHM_7564-310x205.jpg 310w\" sizes=\"(max-width: 2560px) 100vw, 2560px\" \/><\/a>\n\t\t\t<\/div><\/figure><figure class='gallery-item'>\n\t\t\t<div class='gallery-icon landscape'>\n\t\t\t\t<a href='https:\/\/archive.sana.sy\/es\/?attachment_id=197434'><img loading=\"lazy\" decoding=\"async\" width=\"2560\" height=\"1704\" src=\"https:\/\/archive.sana.sy\/es\/wp-content\/uploads\/2021\/09\/MHM_7575-scaled.jpg\" class=\"attachment-full size-full\" alt=\"\" srcset=\"https:\/\/archive.sana.sy\/es\/wp-content\/uploads\/2021\/09\/MHM_7575-scaled.jpg 2560w, https:\/\/archive.sana.sy\/es\/wp-content\/uploads\/2021\/09\/MHM_7575-300x200.jpg 300w, https:\/\/archive.sana.sy\/es\/wp-content\/uploads\/2021\/09\/MHM_7575-1024x682.jpg 1024w, https:\/\/archive.sana.sy\/es\/wp-content\/uploads\/2021\/09\/MHM_7575-150x100.jpg 150w, https:\/\/archive.sana.sy\/es\/wp-content\/uploads\/2021\/09\/MHM_7575-768x511.jpg 768w, https:\/\/archive.sana.sy\/es\/wp-content\/uploads\/2021\/09\/MHM_7575-1536x1022.jpg 1536w, https:\/\/archive.sana.sy\/es\/wp-content\/uploads\/2021\/09\/MHM_7575-2048x1363.jpg 2048w, https:\/\/archive.sana.sy\/es\/wp-content\/uploads\/2021\/09\/MHM_7575-310x205.jpg 310w\" sizes=\"(max-width: 2560px) 100vw, 2560px\" \/><\/a>\n\t\t\t<\/div><\/figure>\n\t\t<\/div>\n\n","protected":false},"excerpt":{"rendered":"<p>Damasco, SANA El primer vuelo de la Aerol\u00ednea International de Pakist\u00e1n (PIA) aterriz\u00f3 hoy en el Aeropuerto Internacional de Damasco, lo cual marca el regreso del tr\u00e1fico a\u00e9reo entre los dos pa\u00edses, que hab\u00eda estado suspendido durante m\u00e1s de veinte a\u00f1os. En el vuelo vienen el ministro de Aviaci\u00f3n de Pakist\u00e1n, Ghulam Sarwar Khan, el &hellip;<\/p>\n","protected":false},"author":30,"featured_media":197427,"comment_status":"closed","ping_status":"closed","sticky":false,"template":"","format":"standard","meta":{"footnotes":""},"categories":[1],"tags":[19506],"class_list":["post-197408","post","type-post","status-publish","format-standard","has-post-thumbnail","","category-news-not-sorted","tag-aerolinea-de-pakistan-reanudo-vuelos-regulares-a-siria"],"_links":{"self":[{"href":"https:\/\/archive.sana.sy\/es\/index.php?rest_route=\/wp\/v2\/posts\/197408"}],"collection":[{"href":"https:\/\/archive.sana.sy\/es\/index.php?rest_route=\/wp\/v2\/posts"}],"about":[{"href":"https:\/\/archive.sana.sy\/es\/index.php?rest_route=\/wp\/v2\/types\/post"}],"author":[{"embeddable":true,"href":"https:\/\/archive.sana.sy\/es\/index.php?rest_route=\/wp\/v2\/users\/30"}],"replies":[{"embeddable":true,"href":"https:\/\/archive.sana.sy\/es\/index.php?rest_route=%2Fwp%2Fv2%2Fcomments&post=197408"}],"version-history":[{"count":0,"href":"https:\/\/archive.sana.sy\/es\/index.php?rest_route=\/wp\/v2\/posts\/197408\/revisions"}],"wp:featuredmedia":[{"embeddable":true,"href":"https:\/\/archive.sana.sy\/es\/index.php?rest_route=\/wp\/v2\/media\/197427"}],"wp:attachment":[{"href":"https:\/\/archive.sana.sy\/es\/index.php?rest_route=%2Fwp%2Fv2%2Fmedia&parent=197408"}],"wp:term":[{"taxonomy":"category","embeddable":true,"href":"https:\/\/archive.sana.sy\/es\/index.php?rest_route=%2Fwp%2Fv2%2Fcategories&post=197408"},{"taxonomy":"post_tag","embeddable":true,"href":"https:\/\/archive.sana.sy\/es\/index.php?rest_route=%2Fwp%2Fv2%2Ftags&post=197408"}],"curies":[{"name":"wp","href":"https:\/\/api.w.org\/{rel}","templated":true}]}}