{"id":197416,"date":"2021-09-17T14:58:39","date_gmt":"2021-09-17T11:58:39","guid":{"rendered":"http:\/\/107.6.182.27\/es\/?p=197416"},"modified":"2023-01-12T14:40:20","modified_gmt":"2023-01-12T12:40:20","slug":"fuerzas-iraquies-arrestan-a-nueve-terroristas-de-daesh","status":"publish","type":"post","link":"https:\/\/archive.sana.sy\/es\/?p=197416","title":{"rendered":"Fuerzas iraqu\u00edes arrestan a nueve terroristas de Daesh"},"content":{"rendered":"<p style=\"text-align: justify;\"><span style=\"color: #800000;\"><strong>Bagdad, SANA<\/strong><\/span><\/p>\n<p style=\"text-align: justify;\">Las fuerzas iraqu\u00edes arrestaron a nueve miembros de la organizaci\u00f3n terrorista &#8220;Daesh&#8221; en varias provincias del pa\u00eds.<\/p>\n<p style=\"text-align: justify;\">El portavoz de las fuerzas iraqu\u00edes inform\u00f3 en una declaraci\u00f3n difundida por Alsumaria News, que el ej\u00e9rcito iraqu\u00ed arrest\u00f3 a cuatro militantes del Daesh en el sur, norte y centro de la capital, Bagdad, en el marco de operaciones preventivas despu\u00e9s de recopilar todas las informaciones necesarias sobre sus movimientos.<\/p>\n<p style=\"text-align: justify;\">Indic\u00f3 que las tropas iraqu\u00edes tambi\u00e9n lograron arrestar a tres integrantes de la referida organizaci\u00f3n en la provincia de Anbar y a otros dos en las provincias de Kirkuk y Sulaymaniyah.<\/p>\n<p style=\"text-align: justify;\"><span style=\"color: #0000ff;\"><strong>sm\/rsh<\/strong><\/span><\/p>\n","protected":false},"excerpt":{"rendered":"<p>Bagdad, SANA Las fuerzas iraqu\u00edes arrestaron a nueve miembros de la organizaci\u00f3n terrorista &#8220;Daesh&#8221; en varias provincias del pa\u00eds. El portavoz de las fuerzas iraqu\u00edes inform\u00f3 en una declaraci\u00f3n difundida por Alsumaria News, que el ej\u00e9rcito iraqu\u00ed arrest\u00f3 a cuatro militantes del Daesh en el sur, norte y centro de la capital, Bagdad, en el &hellip;<\/p>\n","protected":false},"author":39,"featured_media":197417,"comment_status":"closed","ping_status":"closed","sticky":false,"template":"","format":"standard","meta":{"footnotes":""},"categories":[597,456],"tags":[],"class_list":["post-197416","post","type-post","status-publish","format-standard","has-post-thumbnail","","category-cinta-de-noticias","category-arabe-internacional-politica"],"_links":{"self":[{"href":"https:\/\/archive.sana.sy\/es\/index.php?rest_route=\/wp\/v2\/posts\/197416"}],"collection":[{"href":"https:\/\/archive.sana.sy\/es\/index.php?rest_route=\/wp\/v2\/posts"}],"about":[{"href":"https:\/\/archive.sana.sy\/es\/index.php?rest_route=\/wp\/v2\/types\/post"}],"author":[{"embeddable":true,"href":"https:\/\/archive.sana.sy\/es\/index.php?rest_route=\/wp\/v2\/users\/39"}],"replies":[{"embeddable":true,"href":"https:\/\/archive.sana.sy\/es\/index.php?rest_route=%2Fwp%2Fv2%2Fcomments&post=197416"}],"version-history":[{"count":0,"href":"https:\/\/archive.sana.sy\/es\/index.php?rest_route=\/wp\/v2\/posts\/197416\/revisions"}],"wp:featuredmedia":[{"embeddable":true,"href":"https:\/\/archive.sana.sy\/es\/index.php?rest_route=\/wp\/v2\/media\/197417"}],"wp:attachment":[{"href":"https:\/\/archive.sana.sy\/es\/index.php?rest_route=%2Fwp%2Fv2%2Fmedia&parent=197416"}],"wp:term":[{"taxonomy":"category","embeddable":true,"href":"https:\/\/archive.sana.sy\/es\/index.php?rest_route=%2Fwp%2Fv2%2Fcategories&post=197416"},{"taxonomy":"post_tag","embeddable":true,"href":"https:\/\/archive.sana.sy\/es\/index.php?rest_route=%2Fwp%2Fv2%2Ftags&post=197416"}],"curies":[{"name":"wp","href":"https:\/\/api.w.org\/{rel}","templated":true}]}}