{"id":197460,"date":"2021-09-17T18:20:01","date_gmt":"2021-09-17T15:20:01","guid":{"rendered":"http:\/\/107.6.182.27\/es\/?p=197460"},"modified":"2021-09-17T18:36:30","modified_gmt":"2021-09-17T15:36:30","slug":"estallido-de-camion-bomba-hiere-a-nueve-personas-en-al-bab-provincia-de-alepo","status":"publish","type":"post","link":"https:\/\/archive.sana.sy\/es\/?p=197460","title":{"rendered":"Estallido de cami\u00f3n bomba hiere a nueve personas en al-Bab, provincia de Alepo"},"content":{"rendered":"<p style=\"text-align: justify;\"><span style=\"color: #800000;\">Alepo, SANA<\/span><\/p>\n<p style=\"text-align: justify;\">Nueve personas resultaron heridas por la explosi\u00f3n de un cami\u00f3n bomba en la ciudad de al-Bab, en noreste de la provincia de Alepo, controlada por grupos terroristas respaldados por las fuerzas de ocupaci\u00f3n turcas.<\/p>\n<p style=\"text-align: justify;\">Activistas locales informaron a SANA que un coche bomba estall\u00f3 en las afueras del barrio al-Zamam de la referida ciudad, lo que caus\u00f3 lesiones a nueve personas y ocasion\u00f3 importantes da\u00f1os materiales en las propiedades.<\/p>\n<p style=\"text-align: justify;\">Indicaron que varios de los heridos se encuentran en estado grave.<\/p>\n<p style=\"text-align: justify;\">El caos reina en las \u00e1reas controladas por grupos terroristas respaldados por el r\u00e9gimen turco debido a las pugnas para repartir propiedades saqueadas y zonas de influencia.<\/p>\n<p style=\"text-align: justify;\"><span style=\"color: #0000ff;\">fm\/rr<\/span><\/p>\n","protected":false},"excerpt":{"rendered":"<p>Alepo, SANA Nueve personas resultaron heridas por la explosi\u00f3n de un cami\u00f3n bomba en la ciudad de al-Bab, en noreste de la provincia de Alepo, controlada por grupos terroristas respaldados por las fuerzas de ocupaci\u00f3n turcas. Activistas locales informaron a SANA que un coche bomba estall\u00f3 en las afueras del barrio al-Zamam de la referida &hellip;<\/p>\n","protected":false},"author":31,"featured_media":197461,"comment_status":"closed","ping_status":"closed","sticky":false,"template":"","format":"standard","meta":{"footnotes":""},"categories":[597,573,7541],"tags":[],"class_list":["post-197460","post","type-post","status-publish","format-standard","has-post-thumbnail","","category-cinta-de-noticias","category-la-realidad-de-los-acontecimientos-en-siria","category-ultimas-noticias"],"_links":{"self":[{"href":"https:\/\/archive.sana.sy\/es\/index.php?rest_route=\/wp\/v2\/posts\/197460"}],"collection":[{"href":"https:\/\/archive.sana.sy\/es\/index.php?rest_route=\/wp\/v2\/posts"}],"about":[{"href":"https:\/\/archive.sana.sy\/es\/index.php?rest_route=\/wp\/v2\/types\/post"}],"author":[{"embeddable":true,"href":"https:\/\/archive.sana.sy\/es\/index.php?rest_route=\/wp\/v2\/users\/31"}],"replies":[{"embeddable":true,"href":"https:\/\/archive.sana.sy\/es\/index.php?rest_route=%2Fwp%2Fv2%2Fcomments&post=197460"}],"version-history":[{"count":0,"href":"https:\/\/archive.sana.sy\/es\/index.php?rest_route=\/wp\/v2\/posts\/197460\/revisions"}],"wp:featuredmedia":[{"embeddable":true,"href":"https:\/\/archive.sana.sy\/es\/index.php?rest_route=\/wp\/v2\/media\/197461"}],"wp:attachment":[{"href":"https:\/\/archive.sana.sy\/es\/index.php?rest_route=%2Fwp%2Fv2%2Fmedia&parent=197460"}],"wp:term":[{"taxonomy":"category","embeddable":true,"href":"https:\/\/archive.sana.sy\/es\/index.php?rest_route=%2Fwp%2Fv2%2Fcategories&post=197460"},{"taxonomy":"post_tag","embeddable":true,"href":"https:\/\/archive.sana.sy\/es\/index.php?rest_route=%2Fwp%2Fv2%2Ftags&post=197460"}],"curies":[{"name":"wp","href":"https:\/\/api.w.org\/{rel}","templated":true}]}}