{"id":197483,"date":"2021-09-18T08:34:05","date_gmt":"2021-09-18T05:34:05","guid":{"rendered":"http:\/\/107.6.182.27\/es\/?p=197483"},"modified":"2021-09-18T08:34:05","modified_gmt":"2021-09-18T05:34:05","slug":"ataque-contra-gasoducto-deja-sin-funcionamiento-la-central-electrica-de-deir-ali-cerca-de-damasco","status":"publish","type":"post","link":"https:\/\/archive.sana.sy\/es\/?p=197483","title":{"rendered":"Ataque contra gasoducto deja sin funcionamiento la central el\u00e9ctrica de Deir Ali cerca de Damasco"},"content":{"rendered":"<p style=\"text-align: justify;\"><strong><span style=\"color: #800000;\">Damasco, SANA<\/span><\/strong><\/p>\n<p style=\"text-align: justify;\">El Ministerio de Electricidad anunci\u00f3 el restablecimiento del servicio el\u00e9ctrico en todas las provincias del pa\u00eds tras una interrupci\u00f3n de varias horas a consecuencia de un atentado contra el gasoducto que alimenta la central el\u00e9ctrica de Deir Ali, ubicada al sudeste de la capital Damasco.<\/p>\n<p style=\"text-align: justify;\">La central qued\u00f3 fuera de servicio como resultado de una ca\u00edda en la presi\u00f3n del gas como resultado del ataque lo que caus\u00f3 tambi\u00e9n la desconexi\u00f3n general de la red el\u00e9ctrica.<\/p>\n<p style=\"text-align: justify;\">Las plantas de Al-Zara, Banias, Jandar y Nasiriyah volvieron a operar mientras la central el\u00e9ctrica de Deir Ali no volver\u00e1 a funcionar ahora como resultado del ataque hasta concluir la reparaci\u00f3n de los da\u00f1os por el ataque.<\/p>\n<p style=\"text-align: justify;\"><span style=\"color: #0000ff;\"><strong>fm\/ws<\/strong><\/span><\/p>\n","protected":false},"excerpt":{"rendered":"<p>Damasco, SANA El Ministerio de Electricidad anunci\u00f3 el restablecimiento del servicio el\u00e9ctrico en todas las provincias del pa\u00eds tras una interrupci\u00f3n de varias horas a consecuencia de un atentado contra el gasoducto que alimenta la central el\u00e9ctrica de Deir Ali, ubicada al sudeste de la capital Damasco. La central qued\u00f3 fuera de servicio como resultado &hellip;<\/p>\n","protected":false},"author":35,"featured_media":197484,"comment_status":"closed","ping_status":"closed","sticky":false,"template":"","format":"standard","meta":{"footnotes":""},"categories":[477,447,597,476,7541],"tags":[],"class_list":["post-197483","post","type-post","status-publish","format-standard","has-post-thumbnail","","category-noticias-edulcorantes","category-local-politica","category-cinta-de-noticias","category-locales","category-ultimas-noticias"],"_links":{"self":[{"href":"https:\/\/archive.sana.sy\/es\/index.php?rest_route=\/wp\/v2\/posts\/197483"}],"collection":[{"href":"https:\/\/archive.sana.sy\/es\/index.php?rest_route=\/wp\/v2\/posts"}],"about":[{"href":"https:\/\/archive.sana.sy\/es\/index.php?rest_route=\/wp\/v2\/types\/post"}],"author":[{"embeddable":true,"href":"https:\/\/archive.sana.sy\/es\/index.php?rest_route=\/wp\/v2\/users\/35"}],"replies":[{"embeddable":true,"href":"https:\/\/archive.sana.sy\/es\/index.php?rest_route=%2Fwp%2Fv2%2Fcomments&post=197483"}],"version-history":[{"count":0,"href":"https:\/\/archive.sana.sy\/es\/index.php?rest_route=\/wp\/v2\/posts\/197483\/revisions"}],"wp:featuredmedia":[{"embeddable":true,"href":"https:\/\/archive.sana.sy\/es\/index.php?rest_route=\/wp\/v2\/media\/197484"}],"wp:attachment":[{"href":"https:\/\/archive.sana.sy\/es\/index.php?rest_route=%2Fwp%2Fv2%2Fmedia&parent=197483"}],"wp:term":[{"taxonomy":"category","embeddable":true,"href":"https:\/\/archive.sana.sy\/es\/index.php?rest_route=%2Fwp%2Fv2%2Fcategories&post=197483"},{"taxonomy":"post_tag","embeddable":true,"href":"https:\/\/archive.sana.sy\/es\/index.php?rest_route=%2Fwp%2Fv2%2Ftags&post=197483"}],"curies":[{"name":"wp","href":"https:\/\/api.w.org\/{rel}","templated":true}]}}