{"id":197486,"date":"2021-09-18T08:38:14","date_gmt":"2021-09-18T05:38:14","guid":{"rendered":"http:\/\/107.6.182.27\/es\/?p=197486"},"modified":"2023-01-12T14:40:20","modified_gmt":"2023-01-12T12:40:20","slug":"ejercito-estadounidense-reconoce-haber-matado-a-siete-ninos-en-ataque-aereo-en-kabul","status":"publish","type":"post","link":"https:\/\/archive.sana.sy\/es\/?p=197486","title":{"rendered":"Ej\u00e9rcito estadounidense reconoce haber matado a siete ni\u00f1os en ataque a\u00e9reo en Kabul"},"content":{"rendered":"<p style=\"text-align: justify;\"><strong><span style=\"color: #800000;\">Washington, SANA<\/span><\/strong><\/p>\n<p style=\"text-align: justify;\">El ej\u00e9rcito estadounidense admiti\u00f3 haber matado a 10 civiles, incluidos 7 ni\u00f1os, en un ataque llevada a cabo a finales de agosto por un avi\u00f3n no tripulado estadounidense en la capital afgana, Kabul.<\/p>\n<p style=\"text-align: justify;\">La agencia de noticias AFP cit\u00f3 al comandante de las fuerzas estadounidenses retiradas de Afganist\u00e1n, el general Kenneth McKenzie, diciendo a los periodistas: &#8220;Es poco probable que el autom\u00f3vil y los muertos estuvieran vinculados al Daesh, y el ataque que mat\u00f3 a 10 civiles, incluidos 7 ni\u00f1os, fue un error tr\u00e1gico\u201d.<\/p>\n<p style=\"text-align: justify;\">Estados Unidos retir\u00f3 sus fuerzas de Afganist\u00e1n a finales del mes de agosto, luego de sufrir un catastr\u00f3fico fracaso tras 20 a\u00f1os de invadir a este pa\u00eds con el pretexto de la guerra contra el terrorismo.<\/p>\n<p style=\"text-align: justify;\">Un nuevo informe revel\u00f3 que Estados Unidos mat\u00f3 a m\u00e1s de 22.000 civiles en ataques lanzados contra varios pa\u00edses del mundo desde 2001 con el pretexto de combatir el terrorismo.<\/p>\n<p style=\"text-align: justify;\"><span style=\"color: #0000ff;\"><strong>fm\/ws<\/strong><\/span><\/p>\n","protected":false},"excerpt":{"rendered":"<p>Washington, SANA El ej\u00e9rcito estadounidense admiti\u00f3 haber matado a 10 civiles, incluidos 7 ni\u00f1os, en un ataque llevada a cabo a finales de agosto por un avi\u00f3n no tripulado estadounidense en la capital afgana, Kabul. La agencia de noticias AFP cit\u00f3 al comandante de las fuerzas estadounidenses retiradas de Afganist\u00e1n, el general Kenneth McKenzie, diciendo &hellip;<\/p>\n","protected":false},"author":35,"featured_media":197487,"comment_status":"closed","ping_status":"closed","sticky":false,"template":"","format":"standard","meta":{"footnotes":""},"categories":[597,456],"tags":[],"class_list":["post-197486","post","type-post","status-publish","format-standard","has-post-thumbnail","","category-cinta-de-noticias","category-arabe-internacional-politica"],"_links":{"self":[{"href":"https:\/\/archive.sana.sy\/es\/index.php?rest_route=\/wp\/v2\/posts\/197486"}],"collection":[{"href":"https:\/\/archive.sana.sy\/es\/index.php?rest_route=\/wp\/v2\/posts"}],"about":[{"href":"https:\/\/archive.sana.sy\/es\/index.php?rest_route=\/wp\/v2\/types\/post"}],"author":[{"embeddable":true,"href":"https:\/\/archive.sana.sy\/es\/index.php?rest_route=\/wp\/v2\/users\/35"}],"replies":[{"embeddable":true,"href":"https:\/\/archive.sana.sy\/es\/index.php?rest_route=%2Fwp%2Fv2%2Fcomments&post=197486"}],"version-history":[{"count":0,"href":"https:\/\/archive.sana.sy\/es\/index.php?rest_route=\/wp\/v2\/posts\/197486\/revisions"}],"wp:featuredmedia":[{"embeddable":true,"href":"https:\/\/archive.sana.sy\/es\/index.php?rest_route=\/wp\/v2\/media\/197487"}],"wp:attachment":[{"href":"https:\/\/archive.sana.sy\/es\/index.php?rest_route=%2Fwp%2Fv2%2Fmedia&parent=197486"}],"wp:term":[{"taxonomy":"category","embeddable":true,"href":"https:\/\/archive.sana.sy\/es\/index.php?rest_route=%2Fwp%2Fv2%2Fcategories&post=197486"},{"taxonomy":"post_tag","embeddable":true,"href":"https:\/\/archive.sana.sy\/es\/index.php?rest_route=%2Fwp%2Fv2%2Ftags&post=197486"}],"curies":[{"name":"wp","href":"https:\/\/api.w.org\/{rel}","templated":true}]}}