{"id":197489,"date":"2021-09-18T08:40:28","date_gmt":"2021-09-18T05:40:28","guid":{"rendered":"http:\/\/107.6.182.27\/es\/?p=197489"},"modified":"2023-01-12T14:40:20","modified_gmt":"2023-01-12T12:40:20","slug":"fallecio-ex-presidente-argelino-abdelaziz-bouteflika","status":"publish","type":"post","link":"https:\/\/archive.sana.sy\/es\/?p=197489","title":{"rendered":"Falleci\u00f3 ex presidente argelino Abdelaziz Bouteflika"},"content":{"rendered":"<p style=\"text-align: justify;\"><strong><span style=\"color: #800000;\">Argelia, SANA<\/span><\/strong><\/p>\n<p style=\"text-align: justify;\">La televisi\u00f3n estatal argelina anunci\u00f3 el fallecimiento del ex presidente argelino Abdelaziz Bouteflika, a la edad de 84 a\u00f1os.<\/p>\n<p style=\"text-align: justify;\">Bouteflika fue el s\u00e9ptimo presidente del pa\u00eds desde la independencia de Argelia en 1962 y asumi\u00f3 la presidencia del pa\u00eds en 1999.<\/p>\n<p style=\"text-align: justify;\">Bouteflika gan\u00f3 un segundo mandato en abril de 2004 y fue reelegido en abril de 2009 para un tercer mandato, y luego gan\u00f3 un cuarto mandato en abril de 2014.<\/p>\n<p style=\"text-align: justify;\">El 2 de abril de 2019, Bouteflika anunci\u00f3 oficialmente el fin de su mandato presidencial en el pa\u00eds.<\/p>\n<p style=\"text-align: justify;\"><span style=\"color: #0000ff;\"><strong>fm\/ws<\/strong><\/span><\/p>\n","protected":false},"excerpt":{"rendered":"<p>Argelia, SANA La televisi\u00f3n estatal argelina anunci\u00f3 el fallecimiento del ex presidente argelino Abdelaziz Bouteflika, a la edad de 84 a\u00f1os. Bouteflika fue el s\u00e9ptimo presidente del pa\u00eds desde la independencia de Argelia en 1962 y asumi\u00f3 la presidencia del pa\u00eds en 1999. Bouteflika gan\u00f3 un segundo mandato en abril de 2004 y fue reelegido &hellip;<\/p>\n","protected":false},"author":35,"featured_media":197490,"comment_status":"closed","ping_status":"closed","sticky":false,"template":"","format":"standard","meta":{"footnotes":""},"categories":[597,456],"tags":[],"class_list":["post-197489","post","type-post","status-publish","format-standard","has-post-thumbnail","","category-cinta-de-noticias","category-arabe-internacional-politica"],"_links":{"self":[{"href":"https:\/\/archive.sana.sy\/es\/index.php?rest_route=\/wp\/v2\/posts\/197489"}],"collection":[{"href":"https:\/\/archive.sana.sy\/es\/index.php?rest_route=\/wp\/v2\/posts"}],"about":[{"href":"https:\/\/archive.sana.sy\/es\/index.php?rest_route=\/wp\/v2\/types\/post"}],"author":[{"embeddable":true,"href":"https:\/\/archive.sana.sy\/es\/index.php?rest_route=\/wp\/v2\/users\/35"}],"replies":[{"embeddable":true,"href":"https:\/\/archive.sana.sy\/es\/index.php?rest_route=%2Fwp%2Fv2%2Fcomments&post=197489"}],"version-history":[{"count":0,"href":"https:\/\/archive.sana.sy\/es\/index.php?rest_route=\/wp\/v2\/posts\/197489\/revisions"}],"wp:featuredmedia":[{"embeddable":true,"href":"https:\/\/archive.sana.sy\/es\/index.php?rest_route=\/wp\/v2\/media\/197490"}],"wp:attachment":[{"href":"https:\/\/archive.sana.sy\/es\/index.php?rest_route=%2Fwp%2Fv2%2Fmedia&parent=197489"}],"wp:term":[{"taxonomy":"category","embeddable":true,"href":"https:\/\/archive.sana.sy\/es\/index.php?rest_route=%2Fwp%2Fv2%2Fcategories&post=197489"},{"taxonomy":"post_tag","embeddable":true,"href":"https:\/\/archive.sana.sy\/es\/index.php?rest_route=%2Fwp%2Fv2%2Ftags&post=197489"}],"curies":[{"name":"wp","href":"https:\/\/api.w.org\/{rel}","templated":true}]}}