{"id":197520,"date":"2021-09-18T13:08:14","date_gmt":"2021-09-18T10:08:14","guid":{"rendered":"http:\/\/107.6.182.27\/es\/?p=197520"},"modified":"2021-09-18T16:54:43","modified_gmt":"2021-09-18T13:54:43","slug":"electricidad-vuelve-a-todas-las-provincias-tras-reparar-la-averia","status":"publish","type":"post","link":"https:\/\/archive.sana.sy\/es\/?p=197520","title":{"rendered":"Electricidad vuelve a todas las provincias tras reparar la aver\u00eda"},"content":{"rendered":"<p style=\"text-align: justify;\"><span style=\"color: #800000;\"><strong>Damasco, SANA<\/strong><\/span><\/p>\n<p style=\"text-align: justify;\">El ministro de Electricidad, Ghassan al-Zamil, anunci\u00f3 el regreso de la electricidad a todas las provincias del pa\u00eds despu\u00e9s de que la Central El\u00e9ctrica de Deir Ali, hab\u00eda salido de servicio como resultado de un ataque a la l\u00ednea de gas que alimentaba la Central.<\/p>\n<p style=\"text-align: justify;\">En una declaraci\u00f3n a SANA, el Ministro confirm\u00f3 que la electricidad se recarg\u00f3 media hora despu\u00e9s del ataque, y las estaciones de la regi\u00f3n norte volvieron a producir.<\/p>\n<p style=\"text-align: justify;\">El titular explic\u00f3 que el ataque terrorista contra la Central fue mediante una carga explosiva que apuntaba a la l\u00ednea de gas que alimenta las estaciones Tishreen y Deir Ali, adem\u00e1s de las torres de 400 kilovoltios que unen a ambas estaciones.<\/p>\n<p style=\"text-align: justify;\">Indic\u00f3 que los talleres t\u00e9cnicos comenzaron desde la madrugada de hoy a reparar las torres da\u00f1adas y el gasoducto que han sido saboteados.<\/p>\n<p style=\"text-align: justify;\">El Ministro se\u00f1al\u00f3 que la Central El\u00e9ctrica de Deir Ali cubre m\u00e1s del 50% de las necesidades de Siria, y su salida del servicio como consecuencia del atentado afect\u00f3 centrales generadoras en otras provincias.<\/p>\n<p style=\"text-align: justify;\"><span style=\"color: #0000ff;\"><strong>sm\/rsh<\/strong><\/span><\/p>\n","protected":false},"excerpt":{"rendered":"<p>Damasco, SANA El ministro de Electricidad, Ghassan al-Zamil, anunci\u00f3 el regreso de la electricidad a todas las provincias del pa\u00eds despu\u00e9s de que la Central El\u00e9ctrica de Deir Ali, hab\u00eda salido de servicio como resultado de un ataque a la l\u00ednea de gas que alimentaba la Central. En una declaraci\u00f3n a SANA, el Ministro confirm\u00f3 &hellip;<\/p>\n","protected":false},"author":39,"featured_media":197521,"comment_status":"closed","ping_status":"closed","sticky":false,"template":"","format":"standard","meta":{"footnotes":""},"categories":[1],"tags":[],"class_list":["post-197520","post","type-post","status-publish","format-standard","has-post-thumbnail","","category-news-not-sorted"],"_links":{"self":[{"href":"https:\/\/archive.sana.sy\/es\/index.php?rest_route=\/wp\/v2\/posts\/197520"}],"collection":[{"href":"https:\/\/archive.sana.sy\/es\/index.php?rest_route=\/wp\/v2\/posts"}],"about":[{"href":"https:\/\/archive.sana.sy\/es\/index.php?rest_route=\/wp\/v2\/types\/post"}],"author":[{"embeddable":true,"href":"https:\/\/archive.sana.sy\/es\/index.php?rest_route=\/wp\/v2\/users\/39"}],"replies":[{"embeddable":true,"href":"https:\/\/archive.sana.sy\/es\/index.php?rest_route=%2Fwp%2Fv2%2Fcomments&post=197520"}],"version-history":[{"count":0,"href":"https:\/\/archive.sana.sy\/es\/index.php?rest_route=\/wp\/v2\/posts\/197520\/revisions"}],"wp:featuredmedia":[{"embeddable":true,"href":"https:\/\/archive.sana.sy\/es\/index.php?rest_route=\/wp\/v2\/media\/197521"}],"wp:attachment":[{"href":"https:\/\/archive.sana.sy\/es\/index.php?rest_route=%2Fwp%2Fv2%2Fmedia&parent=197520"}],"wp:term":[{"taxonomy":"category","embeddable":true,"href":"https:\/\/archive.sana.sy\/es\/index.php?rest_route=%2Fwp%2Fv2%2Fcategories&post=197520"},{"taxonomy":"post_tag","embeddable":true,"href":"https:\/\/archive.sana.sy\/es\/index.php?rest_route=%2Fwp%2Fv2%2Ftags&post=197520"}],"curies":[{"name":"wp","href":"https:\/\/api.w.org\/{rel}","templated":true}]}}