{"id":19754,"date":"2015-03-19T12:13:06","date_gmt":"2015-03-19T10:13:06","guid":{"rendered":"http:\/\/www.sana.sy\/es\/?p=19754"},"modified":"2015-03-21T14:24:54","modified_gmt":"2015-03-21T12:24:54","slug":"damasco-condena-el-reciente-ataque-terrorista-en-tunez","status":"publish","type":"post","link":"https:\/\/archive.sana.sy\/es\/?p=19754","title":{"rendered":"Damasco condena el reciente ataque terrorista en T\u00fanez"},"content":{"rendered":"<div><span style=\"color: #ff0000\">Damasco, SANA<\/span><\/div>\n<div><span lang=\"ES-TRAD\">\u00a0<\/span><\/div>\n<div><span lang=\"ES-TRAD\">Siria conden\u00f3 en\u00e9rgicamente el ataque terrorista que tuvo lugar en el Museo Nacional de T\u00fanez.<\/span><\/div>\n<div><span lang=\"ES-TRAD\">\u00a0<\/span><\/div>\n<div><span lang=\"ES-TRAD\">En un comunicado, el Ministerio de Exteriores y Emigrantes expres\u00f3 su solidaridad con T\u00fanez y su m\u00e1s sincero p\u00e9same y condolencias a los familiares de las v\u00edctimas.<\/span><\/div>\n<div><span lang=\"ES-TRAD\">\u00a0<\/span><\/div>\n<div><span lang=\"ES-TRAD\">Canciller\u00eda agreg\u00f3 que este acto criminal terrorista demuestra una vez m\u00e1s que el terrorismo no tiene religi\u00f3n ni patria, reiterando el llamado de Rep\u00fablica \u00c1rabe Siria a la combinaci\u00f3n de todos los esfuerzos regionales e internacionales de conformidad con la legitimidad internacional para erradicar el terrorismo, que constituye una amenaza para la paz, la seguridad y la estabilidad en el mundo.<\/span><\/div>\n<div><\/div>\n<div><span style=\"color: #00ccff\">Fady M., Hala B.<\/span><\/div>\n","protected":false},"excerpt":{"rendered":"<p>Damasco, SANA \u00a0 Siria conden\u00f3 en\u00e9rgicamente el ataque terrorista que tuvo lugar en el Museo Nacional de T\u00fanez. \u00a0 En un comunicado, el Ministerio de Exteriores y Emigrantes expres\u00f3 su solidaridad con T\u00fanez y su m\u00e1s sincero p\u00e9same y condolencias a los familiares de las v\u00edctimas. \u00a0 Canciller\u00eda agreg\u00f3 que este acto criminal terrorista demuestra &hellip;<\/p>\n","protected":false},"author":1,"featured_media":15882,"comment_status":"closed","ping_status":"closed","sticky":false,"template":"","format":"standard","meta":{"footnotes":""},"categories":[476,457],"tags":[4475],"class_list":["post-19754","post","type-post","status-publish","format-standard","has-post-thumbnail","","category-locales","category-noticias-arabe-internacional-politica","tag-damasco-condena-el-reciente-ataque-terrorista-en-tunez"],"_links":{"self":[{"href":"https:\/\/archive.sana.sy\/es\/index.php?rest_route=\/wp\/v2\/posts\/19754"}],"collection":[{"href":"https:\/\/archive.sana.sy\/es\/index.php?rest_route=\/wp\/v2\/posts"}],"about":[{"href":"https:\/\/archive.sana.sy\/es\/index.php?rest_route=\/wp\/v2\/types\/post"}],"author":[{"embeddable":true,"href":"https:\/\/archive.sana.sy\/es\/index.php?rest_route=\/wp\/v2\/users\/1"}],"replies":[{"embeddable":true,"href":"https:\/\/archive.sana.sy\/es\/index.php?rest_route=%2Fwp%2Fv2%2Fcomments&post=19754"}],"version-history":[{"count":0,"href":"https:\/\/archive.sana.sy\/es\/index.php?rest_route=\/wp\/v2\/posts\/19754\/revisions"}],"wp:featuredmedia":[{"embeddable":true,"href":"https:\/\/archive.sana.sy\/es\/index.php?rest_route=\/wp\/v2\/media\/15882"}],"wp:attachment":[{"href":"https:\/\/archive.sana.sy\/es\/index.php?rest_route=%2Fwp%2Fv2%2Fmedia&parent=19754"}],"wp:term":[{"taxonomy":"category","embeddable":true,"href":"https:\/\/archive.sana.sy\/es\/index.php?rest_route=%2Fwp%2Fv2%2Fcategories&post=19754"},{"taxonomy":"post_tag","embeddable":true,"href":"https:\/\/archive.sana.sy\/es\/index.php?rest_route=%2Fwp%2Fv2%2Ftags&post=19754"}],"curies":[{"name":"wp","href":"https:\/\/api.w.org\/{rel}","templated":true}]}}